{"id":48910,"date":"2026-02-06T17:54:56","date_gmt":"2026-02-06T16:54:56","guid":{"rendered":"https:\/\/www.visitzakopane.pl\/blog\/?p=48910"},"modified":"2026-03-13T17:58:13","modified_gmt":"2026-03-13T16:58:13","slug":"tatry-w-marcu-na-co-uwazac-w-gorach-w-marcu","status":"publish","type":"post","link":"https:\/\/www.visitzakopane.pl\/blog\/wiosna-w-zakopanem\/tatry-w-marcu-na-co-uwazac-w-gorach-w-marcu\/","title":{"rendered":"Tatry w marcu. Na co uwa\u017ca\u0107 w g\u00f3rach w marcu?"},"content":{"rendered":"<p><strong>Wszyscy widzieli\u015bmy Tatry zim\u0105. Warunki w marcu s\u0105 tymczasem znane tylko najwi\u0119kszym pasjonatom, a to w\u0142a\u015bnie wtedy w Dolinie Ko\u015bcieliskiej panuj\u0105 ca\u0142kowite pustki, a przy Krup\u00f3wkach mo\u017cna spokojnie zje\u015b\u0107 i tanio przenocowa\u0107. Z drugiej strony warunki potrafi\u0105 by\u0107 bardzo trudne, a niekt\u00f3re z najwi\u0119kszych w historii wypadk\u00f3w w Tatrach zdarza\u0142y si\u0119 w\u0142a\u015bnie na przedwio\u015bniu.<\/strong><\/p>\n<p>&nbsp;<\/p>\n<h2>Tatry w marcu \u2014 kt\u00f3re szlaki s\u0105 otwarte?<\/h2>\n<p>Na pocz\u0105tek z\u0142a wiadomo\u015b\u0107: z uwagi na zagro\u017cenie lawinowe w Tatrach w marcu zamkni\u0119te s\u0105 nast\u0119puj\u0105ce szlaki:<\/p>\n<ul>\n<li><strong>Prze\u0142\u0119cz w\u00a0Grzybowcu \u2013 Wy\u017cnia Kondracka Prze\u0142\u0119cz<\/strong><\/li>\n<li><strong>Dolina Tomanowa \u2013 Chuda Prze\u0142\u0105czka<\/strong><\/li>\n<li><strong>Dolina Pi\u0119ciu Staw\u00f3w Polskich \u2013 \u015awist\u00f3wka Roztocka \u2013 Morskie Oko<\/strong><\/li>\n<\/ul>\n<p data-pm-slice=\"1 1 []\">Jednocze\u015bnie <strong>od 1 marca<\/strong> po polskich Tatrach mo\u017cna spacerowa\u0107 r\u00f3wnie\u017c w nocy, co oznacza mo\u017cliwo\u015b\u0107 wyj\u015bcia ze schroniska o 5:00 rano i rozpocz\u0119cia wczesnej w\u0119dr\u00f3wki po ca\u0142kowicie pustym szlaku.<\/p>\n<p data-pm-slice=\"1 1 []\">\n<h2>Warunki w g\u00f3rach w marcu mog\u0105 zaskoczy\u0107<\/h2>\n<p><strong>Ten czas ma jedn\u0105 wa\u017cn\u0105 zalet\u0119:<\/strong> w niekt\u00f3rych latach, zale\u017cnie od terminu roztop\u00f3w, ju\u017c w marcu w Dolinie Chocho\u0142owskiej mo\u017cna by\u0142o podziwia\u0107 krokusy. Inne polany warte odwiedzenia dla krokus\u00f3w opisali\u015bmy tu: <a class=\"zReHs\" href=\"https:\/\/www.visitzakopane.pl\/blog\/tatry\/krokusy-w-tatrach-kiedy-i-gdzie-obserwowac\/\" target=\"_blank\" rel=\"noopener noreferrer\">Krokusy w Tatrach \u2013 kiedy i gdzie obserwowa\u0107<\/a><\/p>\n<p>Niekiedy na pi\u0119kny widok tego typu mo\u017cna trafi\u0107 nawet <strong>przy wylocie Doliny Ko\u015bcieliskiej.<\/strong><\/p>\n<p>Pokryte krokusami stoki nale\u017c\u0105 do najpi\u0119kniejszych panoram g\u00f3r, a wspania\u0142ych widok\u00f3w nie powinni zak\u0142\u00f3ca\u0107 tury\u015bci.<\/p>\n<p><strong>Jednak jest i druga strona medalu: <\/strong>warunki w Tatrach w marcu s\u0105 najcz\u0119\u015bciej bardzo z\u0142e, dlatego wej\u015bcie na Kasprowy Wierch czy inne popularne szlaki g\u00f3rnej granicy Tatr nie wchodz\u0105 w gr\u0119.<\/p>\n<p><strong>Wa\u017cne!<\/strong> Warunki typowo zimowe w Tatrach bywaj\u0105 czasem lepsze ni\u017c te panuj\u0105ce w marcu, gdy pod \u015bniegiem jest ubita zmarzlina, a woda sp\u0142ywa stokami do potok\u00f3w.<\/p>\n<p>&nbsp;<\/p>\n<p><img loading=\"lazy\" decoding=\"async\" class=\"aligncenter wp-image-48906 size-large\" src=\"https:\/\/www.visitzakopane.pl\/blog\/wp-content\/uploads\/2026\/03\/lawiny-tatry-1024x1024.png\" alt=\"\" width=\"1024\" height=\"1024\" srcset=\"https:\/\/www.visitzakopane.pl\/blog\/wp-content\/uploads\/2026\/03\/lawiny-tatry-1024x1024.png 1024w, https:\/\/www.visitzakopane.pl\/blog\/wp-content\/uploads\/2026\/03\/lawiny-tatry-980x980.png 980w, https:\/\/www.visitzakopane.pl\/blog\/wp-content\/uploads\/2026\/03\/lawiny-tatry-480x480.png 480w\" sizes=\"(min-width: 0px) and (max-width: 480px) 480px, (min-width: 481px) and (max-width: 980px) 980px, (min-width: 981px) 1024px, 100vw\" \/><\/p>\n<p>&nbsp;<\/p>\n<h2>Na co uwa\u017ca\u0107 w g\u00f3rach w marcu?<\/h2>\n<p><strong>Tam, gdzie \u015bnieg wci\u0105\u017c le\u017cy, nie wida\u0107 przebiegu szlak\u00f3w. <\/strong>Bywa, \u017ce po wyj\u015bciu w g\u00f3ry o tej porze roku wieczorem nie mo\u017cna ju\u017c t\u0105 sam\u0105 drog\u0105 zej\u015b\u0107, bo w tym miejscu jest&#8230; jezioro, powsta\u0142e poprzez topnienie \u015bniegu sp\u0142ywaj\u0105cego ze zboczy.<\/p>\n<p>Dlatego nawet przy pi\u0119knej pogodzie odradzamy wyj\u015bcia w wy\u017csze partie g\u00f3r, a TPN w swoich poradnikach przestrzega, by mie\u0107 kije trekkingowe i raki nawet id\u0105c na Hal\u0119 G\u0105sienicow\u0105 czy Polan\u0119 Kalat\u00f3wki, je\u015bli wyst\u0119puj\u0105 wy\u017cej wymienione, trudne warunki.<\/p>\n<p><strong>Czy wiesz, \u017ce&#8230; <\/strong>w takich warunkach nie polecamy wyj\u015b\u0107 do jakiejkolwiek jaskini w Tatrach zim\u0105 czy na przedwio\u015bniu, ale szczeg\u00f3lnie czarnym szlakiem do Jaskini Mro\u017anej, kt\u00f3ra do kwietnia jest zamkni\u0119ta z powodu zimowania nietoperzy.<\/p>\n<p><strong>Stopie\u0144 zagro\u017cenia lawinowego w marcu <\/strong>mo\u017ce by\u0107 nawet wy\u017cszy, ni\u017c w zimowych warunkach; niewiele trzeba, by z drzew czy zboczy odrywa\u0142y si\u0119 nadtopione p\u0142aty lodu, \u015bniegu czy sople. Nawet naj\u0142atwiejszy szlak w pobli\u017cu popularnych tatrza\u0144skich dolin mo\u017ce by\u0107 w\u00f3wczas bardzo trudny i to niezale\u017cnie od aktualnych opad\u00f3w \u015bniegu. Warto zdawa\u0107 sobie spraw\u0119, \u017ce nawet przej\u015bcie \u017c\u00f3\u0142tym szlakiem w pobli\u017cu Zakopanego jest na przedwio\u015bniu niebezpieczne.<\/p>\n<p>Wi\u0119cej: <a href=\"Lawinowe ABC - Blog o Zakopanem i okolicach\" target=\"_blank\" rel=\"noopener noreferrer\">Nasze lawinowe ABC<\/a><\/p>\n<p><strong>Wa\u017cne! <\/strong>Pokrywa \u015bnie\u017cna w marcu jest bardzo niestabilna; bywa\u0142y lata, \u017ce kwit\u0142y ju\u017c krokusy, a \u015bniegu prawie nie by\u0142o, natomiast w historycznym marcu 2009 r. na Kasprowym Wierchu le\u017ca\u0142o&#8230; 335 cm \u015bniegu.<\/p>\n<p>Z tego powodu, wybieraj\u0105c si\u0119 na Rusinow\u0105 Polan\u0119 czy nad Czarny Staw G\u0105sienicowy, trzeba kierowa\u0107 si\u0119 prognoz\u0105 pogody na dany dzie\u0144 i ostrze\u017ceniami TPN, a wej\u015bcie na Czerwone Wierchy pozostawi\u0107 na inn\u0105 por\u0119 roku.<\/p>\n<p>&nbsp;<\/p>\n<h2>Czy polecamy wybra\u0107 si\u0119 do Zakopanego na przedwio\u015bniu?<\/h2>\n<p>Jak mo\u017cna si\u0119 domy\u015bli\u0107 po lekturze powy\u017cszych uwag: <strong>w marcu nie ma zbyt wielu bezpiecznych tras w wy\u017csze g\u00f3ry,<\/strong> cho\u0107 przy dobrej pogodzie spacery po Polanie Chocho\u0142owskiej czy ogl\u0105danie wodospadu Siklawica mog\u0105 by\u0107 bardziej magicznym do\u015bwiadczeniem, ni\u017c latem, gdy towarzysz\u0105 nam t\u0142umy turyst\u00f3w.<\/p>\n<p><strong>Ale Tatry to nie tylko Tatrza\u0144ski Park Narodowy; <\/strong>je\u015bli marzy\u0142e\u015b o tym, by w spokoju zje\u015b\u0107 czy przenocowa\u0107 na Krup\u00f3wkach, to teraz jest najlepszy moment. Czasem mo\u017cna zarezerwowa\u0107 w marcu z kilkudniowym wyprzedzeniem apartament, kt\u00f3ry w okolicach \u015bwi\u0105t by\u0142by zaj\u0119ty. Ceny s\u0105 przy tym nawet o 30 proc. ni\u017csze. A co ze szczytami Tatr Zachodnich i innymi wysokimi g\u00f3rami? Warto wr\u00f3ci\u0107 w maju, by zobaczy\u0107 przepi\u0119kn\u0105 panoram\u0119 na Wierch Poro\u0144ca, W\u0105w\u00f3z Krak\u00f3w czy niedost\u0119pne wczesn\u0105 wiosn\u0105 miejsca w Tatrach Wysokich.<\/p>\n<p><em>Autor zdj\u0119cia g\u0142\u00f3wnego: Andrzej Otr\u0119bski<\/em><\/p>\n","protected":false},"excerpt":{"rendered":"<p>Wszyscy widzieli\u015bmy Tatry zim\u0105. Warunki w marcu s\u0105 tymczasem znane tylko najwi\u0119kszym pasjonatom, a to w\u0142a\u015bnie wtedy w Dolinie Ko\u015bcieliskiej panuj\u0105 ca\u0142kowite pustki, a przy Krup\u00f3wkach mo\u017cna spokojnie zje\u015b\u0107 i tanio przenocowa\u0107. Z drugiej strony warunki potrafi\u0105 by\u0107 bardzo trudne, a niekt\u00f3re z najwi\u0119kszych w historii wypadk\u00f3w w Tatrach zdarza\u0142y si\u0119 w\u0142a\u015bnie na przedwio\u015bniu. &nbsp; [&hellip;]<\/p>\n","protected":false},"author":5,"featured_media":48911,"comment_status":"open","ping_status":"open","sticky":false,"template":"","format":"standard","meta":{"_et_pb_use_builder":"","_et_pb_old_content":"","_et_gb_content_width":"","inline_featured_image":false,"footnotes":""},"categories":[14,15,10],"tags":[],"class_list":["post-48910","post","type-post","status-publish","format-standard","has-post-thumbnail","hentry","category-tatry","category-wiosna-w-zakopanem","category-zima-w-zakopanem"],"yoast_head":"<!-- This site is optimized with the Yoast SEO plugin v27.4 - https:\/\/yoast.com\/product\/yoast-seo-wordpress\/ -->\n<title>Tatry w marcu. Na co uwa\u017ca\u0107 w g\u00f3rach w marcu? - Visitzakopane.pl<\/title>\n<meta name=\"robots\" content=\"index, follow, max-snippet:-1, max-image-preview:large, max-video-preview:-1\" \/>\n<link rel=\"canonical\" href=\"https:\/\/www.visitzakopane.pl\/blog\/wiosna-w-zakopanem\/tatry-w-marcu-na-co-uwazac-w-gorach-w-marcu\/\" \/>\n<meta property=\"og:locale\" content=\"pl_PL\" \/>\n<meta property=\"og:type\" content=\"article\" \/>\n<meta property=\"og:title\" content=\"Tatry w marcu. Na co uwa\u017ca\u0107 w g\u00f3rach w marcu? - Visitzakopane.pl\" \/>\n<meta property=\"og:description\" content=\"Wszyscy widzieli\u015bmy Tatry zim\u0105. Warunki w marcu s\u0105 tymczasem znane tylko najwi\u0119kszym pasjonatom, a to w\u0142a\u015bnie wtedy w Dolinie Ko\u015bcieliskiej panuj\u0105 ca\u0142kowite pustki, a przy Krup\u00f3wkach mo\u017cna spokojnie zje\u015b\u0107 i tanio przenocowa\u0107. Z drugiej strony warunki potrafi\u0105 by\u0107 bardzo trudne, a niekt\u00f3re z najwi\u0119kszych w historii wypadk\u00f3w w Tatrach zdarza\u0142y si\u0119 w\u0142a\u015bnie na przedwio\u015bniu. &nbsp; [&hellip;]\" \/>\n<meta property=\"og:url\" content=\"https:\/\/www.visitzakopane.pl\/blog\/wiosna-w-zakopanem\/tatry-w-marcu-na-co-uwazac-w-gorach-w-marcu\/\" \/>\n<meta property=\"og:site_name\" content=\"Visitzakopane.pl\" \/>\n<meta property=\"article:published_time\" content=\"2026-02-06T16:54:56+00:00\" \/>\n<meta property=\"article:modified_time\" content=\"2026-03-13T16:58:13+00:00\" \/>\n<meta property=\"og:image\" content=\"https:\/\/www.visitzakopane.pl\/blog\/wp-content\/uploads\/2026\/03\/20170118_Giewont_Poland.jpg\" \/>\n\t<meta property=\"og:image:width\" content=\"1280\" \/>\n\t<meta property=\"og:image:height\" content=\"640\" \/>\n\t<meta property=\"og:image:type\" content=\"image\/jpeg\" \/>\n<meta name=\"author\" content=\"Redaktor\" \/>\n<meta name=\"twitter:card\" content=\"summary_large_image\" \/>\n<meta name=\"twitter:label1\" content=\"Napisane przez\" \/>\n\t<meta name=\"twitter:data1\" content=\"Redaktor\" \/>\n\t<meta name=\"twitter:label2\" content=\"Szacowany czas czytania\" \/>\n\t<meta name=\"twitter:data2\" content=\"5 minut\" \/>\n<script type=\"application\/ld+json\" class=\"yoast-schema-graph\">{\"@context\":\"https:\\\/\\\/schema.org\",\"@graph\":[{\"@type\":\"Article\",\"@id\":\"https:\\\/\\\/www.visitzakopane.pl\\\/blog\\\/wiosna-w-zakopanem\\\/tatry-w-marcu-na-co-uwazac-w-gorach-w-marcu\\\/#article\",\"isPartOf\":{\"@id\":\"https:\\\/\\\/www.visitzakopane.pl\\\/blog\\\/wiosna-w-zakopanem\\\/tatry-w-marcu-na-co-uwazac-w-gorach-w-marcu\\\/\"},\"author\":{\"name\":\"Redaktor\",\"@id\":\"https:\\\/\\\/www.visitzakopane.pl\\\/blog\\\/#\\\/schema\\\/person\\\/55e8d3bfa5de48eb2a37fd3913a9f027\"},\"headline\":\"Tatry w marcu. Na co uwa\u017ca\u0107 w g\u00f3rach w marcu?\",\"datePublished\":\"2026-02-06T16:54:56+00:00\",\"dateModified\":\"2026-03-13T16:58:13+00:00\",\"mainEntityOfPage\":{\"@id\":\"https:\\\/\\\/www.visitzakopane.pl\\\/blog\\\/wiosna-w-zakopanem\\\/tatry-w-marcu-na-co-uwazac-w-gorach-w-marcu\\\/\"},\"wordCount\":803,\"commentCount\":0,\"image\":{\"@id\":\"https:\\\/\\\/www.visitzakopane.pl\\\/blog\\\/wiosna-w-zakopanem\\\/tatry-w-marcu-na-co-uwazac-w-gorach-w-marcu\\\/#primaryimage\"},\"thumbnailUrl\":\"https:\\\/\\\/www.visitzakopane.pl\\\/blog\\\/wp-content\\\/uploads\\\/2026\\\/03\\\/20170118_Giewont_Poland.jpg\",\"articleSection\":[\"Tatry\",\"Wiosna w Zakopanem\",\"Zima w Zakopanem\"],\"inLanguage\":\"pl-PL\",\"potentialAction\":[{\"@type\":\"CommentAction\",\"name\":\"Comment\",\"target\":[\"https:\\\/\\\/www.visitzakopane.pl\\\/blog\\\/wiosna-w-zakopanem\\\/tatry-w-marcu-na-co-uwazac-w-gorach-w-marcu\\\/#respond\"]}]},{\"@type\":\"WebPage\",\"@id\":\"https:\\\/\\\/www.visitzakopane.pl\\\/blog\\\/wiosna-w-zakopanem\\\/tatry-w-marcu-na-co-uwazac-w-gorach-w-marcu\\\/\",\"url\":\"https:\\\/\\\/www.visitzakopane.pl\\\/blog\\\/wiosna-w-zakopanem\\\/tatry-w-marcu-na-co-uwazac-w-gorach-w-marcu\\\/\",\"name\":\"Tatry w marcu. Na co uwa\u017ca\u0107 w g\u00f3rach w marcu? - Visitzakopane.pl\",\"isPartOf\":{\"@id\":\"https:\\\/\\\/www.visitzakopane.pl\\\/blog\\\/#website\"},\"primaryImageOfPage\":{\"@id\":\"https:\\\/\\\/www.visitzakopane.pl\\\/blog\\\/wiosna-w-zakopanem\\\/tatry-w-marcu-na-co-uwazac-w-gorach-w-marcu\\\/#primaryimage\"},\"image\":{\"@id\":\"https:\\\/\\\/www.visitzakopane.pl\\\/blog\\\/wiosna-w-zakopanem\\\/tatry-w-marcu-na-co-uwazac-w-gorach-w-marcu\\\/#primaryimage\"},\"thumbnailUrl\":\"https:\\\/\\\/www.visitzakopane.pl\\\/blog\\\/wp-content\\\/uploads\\\/2026\\\/03\\\/20170118_Giewont_Poland.jpg\",\"datePublished\":\"2026-02-06T16:54:56+00:00\",\"dateModified\":\"2026-03-13T16:58:13+00:00\",\"author\":{\"@id\":\"https:\\\/\\\/www.visitzakopane.pl\\\/blog\\\/#\\\/schema\\\/person\\\/55e8d3bfa5de48eb2a37fd3913a9f027\"},\"breadcrumb\":{\"@id\":\"https:\\\/\\\/www.visitzakopane.pl\\\/blog\\\/wiosna-w-zakopanem\\\/tatry-w-marcu-na-co-uwazac-w-gorach-w-marcu\\\/#breadcrumb\"},\"inLanguage\":\"pl-PL\",\"potentialAction\":[{\"@type\":\"ReadAction\",\"target\":[\"https:\\\/\\\/www.visitzakopane.pl\\\/blog\\\/wiosna-w-zakopanem\\\/tatry-w-marcu-na-co-uwazac-w-gorach-w-marcu\\\/\"]}]},{\"@type\":\"ImageObject\",\"inLanguage\":\"pl-PL\",\"@id\":\"https:\\\/\\\/www.visitzakopane.pl\\\/blog\\\/wiosna-w-zakopanem\\\/tatry-w-marcu-na-co-uwazac-w-gorach-w-marcu\\\/#primaryimage\",\"url\":\"https:\\\/\\\/www.visitzakopane.pl\\\/blog\\\/wp-content\\\/uploads\\\/2026\\\/03\\\/20170118_Giewont_Poland.jpg\",\"contentUrl\":\"https:\\\/\\\/www.visitzakopane.pl\\\/blog\\\/wp-content\\\/uploads\\\/2026\\\/03\\\/20170118_Giewont_Poland.jpg\",\"width\":1280,\"height\":640},{\"@type\":\"BreadcrumbList\",\"@id\":\"https:\\\/\\\/www.visitzakopane.pl\\\/blog\\\/wiosna-w-zakopanem\\\/tatry-w-marcu-na-co-uwazac-w-gorach-w-marcu\\\/#breadcrumb\",\"itemListElement\":[{\"@type\":\"ListItem\",\"position\":1,\"name\":\"Strona g\u0142\u00f3wna\",\"item\":\"https:\\\/\\\/www.visitzakopane.pl\\\/blog\\\/\"},{\"@type\":\"ListItem\",\"position\":2,\"name\":\"Tatry w marcu. Na co uwa\u017ca\u0107 w g\u00f3rach w marcu?\"}]},{\"@type\":\"WebSite\",\"@id\":\"https:\\\/\\\/www.visitzakopane.pl\\\/blog\\\/#website\",\"url\":\"https:\\\/\\\/www.visitzakopane.pl\\\/blog\\\/\",\"name\":\"Visitzakopane.pl\",\"description\":\"\",\"potentialAction\":[{\"@type\":\"SearchAction\",\"target\":{\"@type\":\"EntryPoint\",\"urlTemplate\":\"https:\\\/\\\/www.visitzakopane.pl\\\/blog\\\/?s={search_term_string}\"},\"query-input\":{\"@type\":\"PropertyValueSpecification\",\"valueRequired\":true,\"valueName\":\"search_term_string\"}}],\"inLanguage\":\"pl-PL\"},{\"@type\":\"Person\",\"@id\":\"https:\\\/\\\/www.visitzakopane.pl\\\/blog\\\/#\\\/schema\\\/person\\\/55e8d3bfa5de48eb2a37fd3913a9f027\",\"name\":\"Redaktor\",\"image\":{\"@type\":\"ImageObject\",\"inLanguage\":\"pl-PL\",\"@id\":\"https:\\\/\\\/secure.gravatar.com\\\/avatar\\\/d419e13cffa2bf8c8e3bce3d727c445e27671f005db91dc738a603e3badf9b8c?s=96&d=mm&r=g\",\"url\":\"https:\\\/\\\/secure.gravatar.com\\\/avatar\\\/d419e13cffa2bf8c8e3bce3d727c445e27671f005db91dc738a603e3badf9b8c?s=96&d=mm&r=g\",\"contentUrl\":\"https:\\\/\\\/secure.gravatar.com\\\/avatar\\\/d419e13cffa2bf8c8e3bce3d727c445e27671f005db91dc738a603e3badf9b8c?s=96&d=mm&r=g\",\"caption\":\"Redaktor\"}}]}<\/script>\n<!-- \/ Yoast SEO plugin. -->","yoast_head_json":{"title":"Tatry w marcu. Na co uwa\u017ca\u0107 w g\u00f3rach w marcu? - Visitzakopane.pl","robots":{"index":"index","follow":"follow","max-snippet":"max-snippet:-1","max-image-preview":"max-image-preview:large","max-video-preview":"max-video-preview:-1"},"canonical":"https:\/\/www.visitzakopane.pl\/blog\/wiosna-w-zakopanem\/tatry-w-marcu-na-co-uwazac-w-gorach-w-marcu\/","og_locale":"pl_PL","og_type":"article","og_title":"Tatry w marcu. Na co uwa\u017ca\u0107 w g\u00f3rach w marcu? - Visitzakopane.pl","og_description":"Wszyscy widzieli\u015bmy Tatry zim\u0105. Warunki w marcu s\u0105 tymczasem znane tylko najwi\u0119kszym pasjonatom, a to w\u0142a\u015bnie wtedy w Dolinie Ko\u015bcieliskiej panuj\u0105 ca\u0142kowite pustki, a przy Krup\u00f3wkach mo\u017cna spokojnie zje\u015b\u0107 i tanio przenocowa\u0107. Z drugiej strony warunki potrafi\u0105 by\u0107 bardzo trudne, a niekt\u00f3re z najwi\u0119kszych w historii wypadk\u00f3w w Tatrach zdarza\u0142y si\u0119 w\u0142a\u015bnie na przedwio\u015bniu. &nbsp; [&hellip;]","og_url":"https:\/\/www.visitzakopane.pl\/blog\/wiosna-w-zakopanem\/tatry-w-marcu-na-co-uwazac-w-gorach-w-marcu\/","og_site_name":"Visitzakopane.pl","article_published_time":"2026-02-06T16:54:56+00:00","article_modified_time":"2026-03-13T16:58:13+00:00","og_image":[{"width":1280,"height":640,"url":"https:\/\/www.visitzakopane.pl\/blog\/wp-content\/uploads\/2026\/03\/20170118_Giewont_Poland.jpg","type":"image\/jpeg"}],"author":"Redaktor","twitter_card":"summary_large_image","twitter_misc":{"Napisane przez":"Redaktor","Szacowany czas czytania":"5 minut"},"schema":{"@context":"https:\/\/schema.org","@graph":[{"@type":"Article","@id":"https:\/\/www.visitzakopane.pl\/blog\/wiosna-w-zakopanem\/tatry-w-marcu-na-co-uwazac-w-gorach-w-marcu\/#article","isPartOf":{"@id":"https:\/\/www.visitzakopane.pl\/blog\/wiosna-w-zakopanem\/tatry-w-marcu-na-co-uwazac-w-gorach-w-marcu\/"},"author":{"name":"Redaktor","@id":"https:\/\/www.visitzakopane.pl\/blog\/#\/schema\/person\/55e8d3bfa5de48eb2a37fd3913a9f027"},"headline":"Tatry w marcu. Na co uwa\u017ca\u0107 w g\u00f3rach w marcu?","datePublished":"2026-02-06T16:54:56+00:00","dateModified":"2026-03-13T16:58:13+00:00","mainEntityOfPage":{"@id":"https:\/\/www.visitzakopane.pl\/blog\/wiosna-w-zakopanem\/tatry-w-marcu-na-co-uwazac-w-gorach-w-marcu\/"},"wordCount":803,"commentCount":0,"image":{"@id":"https:\/\/www.visitzakopane.pl\/blog\/wiosna-w-zakopanem\/tatry-w-marcu-na-co-uwazac-w-gorach-w-marcu\/#primaryimage"},"thumbnailUrl":"https:\/\/www.visitzakopane.pl\/blog\/wp-content\/uploads\/2026\/03\/20170118_Giewont_Poland.jpg","articleSection":["Tatry","Wiosna w Zakopanem","Zima w Zakopanem"],"inLanguage":"pl-PL","potentialAction":[{"@type":"CommentAction","name":"Comment","target":["https:\/\/www.visitzakopane.pl\/blog\/wiosna-w-zakopanem\/tatry-w-marcu-na-co-uwazac-w-gorach-w-marcu\/#respond"]}]},{"@type":"WebPage","@id":"https:\/\/www.visitzakopane.pl\/blog\/wiosna-w-zakopanem\/tatry-w-marcu-na-co-uwazac-w-gorach-w-marcu\/","url":"https:\/\/www.visitzakopane.pl\/blog\/wiosna-w-zakopanem\/tatry-w-marcu-na-co-uwazac-w-gorach-w-marcu\/","name":"Tatry w marcu. Na co uwa\u017ca\u0107 w g\u00f3rach w marcu? - Visitzakopane.pl","isPartOf":{"@id":"https:\/\/www.visitzakopane.pl\/blog\/#website"},"primaryImageOfPage":{"@id":"https:\/\/www.visitzakopane.pl\/blog\/wiosna-w-zakopanem\/tatry-w-marcu-na-co-uwazac-w-gorach-w-marcu\/#primaryimage"},"image":{"@id":"https:\/\/www.visitzakopane.pl\/blog\/wiosna-w-zakopanem\/tatry-w-marcu-na-co-uwazac-w-gorach-w-marcu\/#primaryimage"},"thumbnailUrl":"https:\/\/www.visitzakopane.pl\/blog\/wp-content\/uploads\/2026\/03\/20170118_Giewont_Poland.jpg","datePublished":"2026-02-06T16:54:56+00:00","dateModified":"2026-03-13T16:58:13+00:00","author":{"@id":"https:\/\/www.visitzakopane.pl\/blog\/#\/schema\/person\/55e8d3bfa5de48eb2a37fd3913a9f027"},"breadcrumb":{"@id":"https:\/\/www.visitzakopane.pl\/blog\/wiosna-w-zakopanem\/tatry-w-marcu-na-co-uwazac-w-gorach-w-marcu\/#breadcrumb"},"inLanguage":"pl-PL","potentialAction":[{"@type":"ReadAction","target":["https:\/\/www.visitzakopane.pl\/blog\/wiosna-w-zakopanem\/tatry-w-marcu-na-co-uwazac-w-gorach-w-marcu\/"]}]},{"@type":"ImageObject","inLanguage":"pl-PL","@id":"https:\/\/www.visitzakopane.pl\/blog\/wiosna-w-zakopanem\/tatry-w-marcu-na-co-uwazac-w-gorach-w-marcu\/#primaryimage","url":"https:\/\/www.visitzakopane.pl\/blog\/wp-content\/uploads\/2026\/03\/20170118_Giewont_Poland.jpg","contentUrl":"https:\/\/www.visitzakopane.pl\/blog\/wp-content\/uploads\/2026\/03\/20170118_Giewont_Poland.jpg","width":1280,"height":640},{"@type":"BreadcrumbList","@id":"https:\/\/www.visitzakopane.pl\/blog\/wiosna-w-zakopanem\/tatry-w-marcu-na-co-uwazac-w-gorach-w-marcu\/#breadcrumb","itemListElement":[{"@type":"ListItem","position":1,"name":"Strona g\u0142\u00f3wna","item":"https:\/\/www.visitzakopane.pl\/blog\/"},{"@type":"ListItem","position":2,"name":"Tatry w marcu. Na co uwa\u017ca\u0107 w g\u00f3rach w marcu?"}]},{"@type":"WebSite","@id":"https:\/\/www.visitzakopane.pl\/blog\/#website","url":"https:\/\/www.visitzakopane.pl\/blog\/","name":"Visitzakopane.pl","description":"","potentialAction":[{"@type":"SearchAction","target":{"@type":"EntryPoint","urlTemplate":"https:\/\/www.visitzakopane.pl\/blog\/?s={search_term_string}"},"query-input":{"@type":"PropertyValueSpecification","valueRequired":true,"valueName":"search_term_string"}}],"inLanguage":"pl-PL"},{"@type":"Person","@id":"https:\/\/www.visitzakopane.pl\/blog\/#\/schema\/person\/55e8d3bfa5de48eb2a37fd3913a9f027","name":"Redaktor","image":{"@type":"ImageObject","inLanguage":"pl-PL","@id":"https:\/\/secure.gravatar.com\/avatar\/d419e13cffa2bf8c8e3bce3d727c445e27671f005db91dc738a603e3badf9b8c?s=96&d=mm&r=g","url":"https:\/\/secure.gravatar.com\/avatar\/d419e13cffa2bf8c8e3bce3d727c445e27671f005db91dc738a603e3badf9b8c?s=96&d=mm&r=g","contentUrl":"https:\/\/secure.gravatar.com\/avatar\/d419e13cffa2bf8c8e3bce3d727c445e27671f005db91dc738a603e3badf9b8c?s=96&d=mm&r=g","caption":"Redaktor"}}]}},"_links":{"self":[{"href":"https:\/\/www.visitzakopane.pl\/blog\/wp-json\/wp\/v2\/posts\/48910","targetHints":{"allow":["GET"]}}],"collection":[{"href":"https:\/\/www.visitzakopane.pl\/blog\/wp-json\/wp\/v2\/posts"}],"about":[{"href":"https:\/\/www.visitzakopane.pl\/blog\/wp-json\/wp\/v2\/types\/post"}],"author":[{"embeddable":true,"href":"https:\/\/www.visitzakopane.pl\/blog\/wp-json\/wp\/v2\/users\/5"}],"replies":[{"embeddable":true,"href":"https:\/\/www.visitzakopane.pl\/blog\/wp-json\/wp\/v2\/comments?post=48910"}],"version-history":[{"count":1,"href":"https:\/\/www.visitzakopane.pl\/blog\/wp-json\/wp\/v2\/posts\/48910\/revisions"}],"predecessor-version":[{"id":48912,"href":"https:\/\/www.visitzakopane.pl\/blog\/wp-json\/wp\/v2\/posts\/48910\/revisions\/48912"}],"wp:featuredmedia":[{"embeddable":true,"href":"https:\/\/www.visitzakopane.pl\/blog\/wp-json\/wp\/v2\/media\/48911"}],"wp:attachment":[{"href":"https:\/\/www.visitzakopane.pl\/blog\/wp-json\/wp\/v2\/media?parent=48910"}],"wp:term":[{"taxonomy":"category","embeddable":true,"href":"https:\/\/www.visitzakopane.pl\/blog\/wp-json\/wp\/v2\/categories?post=48910"},{"taxonomy":"post_tag","embeddable":true,"href":"https:\/\/www.visitzakopane.pl\/blog\/wp-json\/wp\/v2\/tags?post=48910"}],"curies":[{"name":"wp","href":"https:\/\/api.w.org\/{rel}","templated":true}]}}