{"id":48905,"date":"2026-03-06T17:44:35","date_gmt":"2026-03-06T16:44:35","guid":{"rendered":"https:\/\/www.visitzakopane.pl\/blog\/?p=48905"},"modified":"2026-03-13T17:48:13","modified_gmt":"2026-03-13T16:48:13","slug":"lawiny-w-tatrach-w-2026-r-uwazaj-na-siebie","status":"publish","type":"post","link":"https:\/\/www.visitzakopane.pl\/blog\/zima-w-zakopanem\/lawiny-w-tatrach-w-2026-r-uwazaj-na-siebie\/","title":{"rendered":"Lawiny w Tatrach w 2026 r. Uwa\u017caj na siebie!"},"content":{"rendered":"<p data-pm-slice=\"1 3 []\"><strong>Pod koniec lutego w s\u0142owackich Tatrach pod lawin\u0105 zgin\u0119\u0142a dw\u00f3jka Polak\u00f3w. Ostrze\u017cenia wydaje te\u017c TOPR. Gdzie jest najbardziej niebezpiecznie i kiedy w 2026 r. powinno min\u0105\u0107 lawinowe zagro\u017cenie?<\/strong><\/p>\n<h2>Ratownicy ostrzegaj\u0105 przed lawinami<\/h2>\n<p><strong> Pod koniec lutego 2026 r. do wypadku dosz\u0142o w Dolinie Mi\u0119guszowickiej, <\/strong>a do odszukania jednego z Polak\u00f3w trzeba by\u0142o u\u017cy\u0107 sondy. Niestety, \u017caden nie prze\u017cy\u0142.<\/p>\n<p>W ostatnich latach lawiny by\u0142y rzadsze, bo i \u015bniegu by\u0142o mniej; jednak ju\u017c <strong>tej zimy ratownicy ostrzegali przed du\u017cymi lawinami<\/strong>, bo warunki bywa\u0142y wyj\u0105tkowo trudne. Apelowali o poruszanie si\u0119 po oznakowanych szlakach i to tylko wtedy, gdy mimo \u015bniegu wida\u0107 ich przebieg.<\/p>\n<p>&nbsp;<\/p>\n<h2>Stopie\u0144 zagro\u017cenia lawinowego w marcu 2026 r.<\/h2>\n<p>Na prze\u0142omie lutego i marca 2026 r. obowi\u0105zuje<strong> trzeci stopie\u0144 zagro\u017cenia lawinowego<\/strong>, i to zar\u00f3wno w polskich Tatrach, jak i po s\u0142owackiej stronie granicy. &#8211; <em>W wyniku dzia\u0142ania s\u0142o\u0144ca \u015bnieg robi si\u0119 mokry, co b\u0119dzie dzia\u0142a\u0107 niekorzystnie. <\/em>&#8211; pisz\u0105 <a href=\"https:\/\/lawiny.topr.pl\/\" target=\"_blank\" rel=\"noopener noreferrer\">ratownicy TOPR<\/a> w komunikacie lawinowym.<\/p>\n<p>S\u0142o\u0144ce? Niekorzystnie? Lawiny kojarz\u0105 nam si\u0119 z tzw. trudnymi warunkami pogodowymi i \u015bniegiem, a jednak<strong> to w\u0142a\u015bnie s\u0142o\u0144ce mo\u017ce by\u0107 tu najgro\u017aniejsze:<\/strong><\/p>\n<ul>\n<li>przez ca\u0142\u0105 zim\u0119 \u015bnieg nawarstwia\u0142 si\u0119 na zboczach Morskiego Oka czy na stromych stokach Kasprowego.<\/li>\n<li>Po \u015bwie\u017cszym \u015bniegiem s\u0105 warstwy twardego, ubitego lodu, kt\u00f3ry topi si\u0119 najd\u0142u\u017cej.<\/li>\n<li>Nag\u0142y<strong> skok temperatur<\/strong> o 10-15 stopni sprawia, \u017ce \u015bnieg si\u0119 topi, uwalniaj\u0105c uwi\u0119zion\u0105 zmarzlin\u0119.<\/li>\n<li>Sp\u0142ywaj\u0105ca z nawet niewielkich wzniesie\u0144 woda dodatkowo \u017c\u0142obi \u015bnieg i ziemi\u0119, przez co do wyzwolenia lawiny mo\u017ce doj\u015b\u0107 samoistnie.<\/li>\n<li>Je\u015bli do tego pada \u015bwie\u017cy \u015bnieg i przykrywa takie miejsca, turysta mo\u017ce \u0142atwo straci\u0107 umiej\u0119tno\u015b\u0107 oceny zagro\u017cenia, maj\u0105c wra\u017cenie, \u017ce jest bezpiecznie.<\/li>\n<\/ul>\n<p>W takich warunkach nawet bez ha\u0142as\u00f3w czy nierozwa\u017cnych krok\u00f3w w g\u00f3rach mo\u017ce doj\u015b\u0107 do zagro\u017cenia lawinowego i to w miejscach pozornie bezpiecznych.<\/p>\n<p><strong>Wa\u017cne! <\/strong>Pami\u0119tajmy, \u017ce chodzi nie tylko o \u015bnieg; od czasu do czasu schodz\u0105 tak\u017ce kamienne lawiny w Tatrach, jak na poni\u017cszym nagraniu: <a href=\"https:\/\/www.facebook.com\/jankan53\/videos\/397953099025082\/?idorvanity=125875737424915\" target=\"_blank\" rel=\"noopener noreferrer\">https:\/\/www.facebook.com\/jankan53\/videos\/397953099025082\/?idorvanity=125875737424915<\/a><\/p>\n<p>&nbsp;<\/p>\n<h2>Gdzie trzeba zachowa\u0107 szczeg\u00f3ln\u0105 ostro\u017cno\u015b\u0107 w Tatrach z powodu lawin?<\/h2>\n<p>Ratownicy TOPR opublikowali w ostatnich tygodniach zdj\u0119cia lawin w Tatrach schodz\u0105cych m.in. z:<\/p>\n<ul>\n<li>Koziego Wierchu,<\/li>\n<li>na Rysach,<\/li>\n<li>na Orlej Perci.<\/li>\n<\/ul>\n<p>&nbsp;<\/p>\n<p data-pm-slice=\"1 1 []\">Do 15 maja zamkni\u0119te s\u0105 te\u017c nast\u0119puj\u0105ce szlaki znane ze szczeg\u00f3lnego niebezpiecze\u0144stwa lawinowego zim\u0105:<\/p>\n<ul>\n<li><strong>Prze\u0142\u0119cz w\u00a0Grzybowcu \u2013 Wy\u017cnia Kondracka Prze\u0142\u0119cz<\/strong><\/li>\n<li><strong>Dolina Tomanowa \u2013 Chuda Prze\u0142\u0105czka<\/strong><\/li>\n<li><strong>Dolina Pi\u0119ciu Staw\u00f3w Polskich \u2013 \u015awist\u00f3wka Roztocka \u2013 Morskie Oko<\/strong><\/li>\n<\/ul>\n<p>&nbsp;<\/p>\n<h2>Zagro\u017cenie lawinowe w Tatrach \u2014 kwiecie\u0144\/maj 2026 r.<\/h2>\n<p>W zesz\u0142ym roku <a href=\"https:\/\/www.rmf24.pl\/regiony\/zakopane\/news-nagly-atak-zimy-zagrozenie-lawinowe-w-tatrach-nawet-14-stopn,nId,7944503\" target=\"_blank\" rel=\"noopener noreferrer\">nag\u0142y atak zimy w Tatrach<\/a> mia\u0142 miejsce jeszcze na pocz\u0105tku kwietnia. S\u0142u\u017cby ratunkowe odwo\u0142a\u0142y ostrze\u017cenia dopiero<strong> 29 kwietnia,<\/strong> co pokazuje, \u017ce nawet wielkanocny wypad w g\u00f3ry mo\u017ce by\u0107 bardzo niebezpieczny. Niekt\u00f3re szlaki, jak wymieniona wy\u017cej droga boczna na Morskie Oko, s\u0105 zamkni\u0119te a\u017c do po\u0142owy maja.<\/p>\n<p>&nbsp;<\/p>\n<h2>Jakie zagro\u017cenie lawinowe latem w Tatrach?<\/h2>\n<p>Cho\u0107 najwi\u0119cej lawin schodzi na przedwio\u015bniu,<strong> turystom zdarza si\u0119 wywo\u0142a\u0107 lawin\u0119 nawet latem. <\/strong>Jednak tu dobra wiadomo\u015b\u0107: w czerwcu czy lipcu lawiny nie zdarzaj\u0105 si\u0119 w miejscach najcz\u0119\u015bciej odwiedzanych przez turyst\u00f3w, ale na stromych stokach Rys czy wy\u017cszych g\u00f3r po s\u0142owackiej stronie. Szacuje si\u0119, \u017ce najwi\u0119ksze ryzyko jest w \u017clebach i na zboczach powy\u017cej 1800 m.n.p.m.<\/p>\n<p>&nbsp;<\/p>\n<h2>Zagro\u017cenie lawinowe w Tatrach: jesie\u0144 2026 r.<\/h2>\n<p><strong>Wrzesie\u0144<\/strong> jest stosunkowo spokojnym miesi\u0105cem w Tatrach \u2014 pokrywy \u015bnie\u017cnej zazwyczaj jeszcze nie ma, wi\u0119c i ryzyko lawin jest znikome.<\/p>\n<p>Jednak ju\u017c <strong>w listopadzie<\/strong> zdarzaj\u0105 si\u0119 pierwsze &#8222;lawinowe&#8221; akcje ratunkowe TOPR i komunikaty o pierwszym lub drugim stopniu zagro\u017cenia lawinowego (o tym, co oznaczaj\u0105 poszczeg\u00f3lne stopnie, pisali\u015bmy w naszym lawinowym ABC: <a class=\"zReHs\" href=\"https:\/\/www.visitzakopane.pl\/blog\/zima-w-zakopanem\/lawinowe-abc\/\" target=\"_blank\" rel=\"noopener noreferrer\">Lawinowe ABC<\/a><\/p>\n<p><em>Mamy nadziej\u0119, \u017ce sp\u0119dz\u0105 Pa\u0144stwo ten rok bezpiecznie, a trudne warunki atmosferyczne b\u0119d\u0105 zdarza\u0142y si\u0119 rzadko. Do zobaczenia na szlakach!<\/em><\/p>\n","protected":false},"excerpt":{"rendered":"<p>Pod koniec lutego w s\u0142owackich Tatrach pod lawin\u0105 zgin\u0119\u0142a dw\u00f3jka Polak\u00f3w. Ostrze\u017cenia wydaje te\u017c TOPR. Gdzie jest najbardziej niebezpiecznie i kiedy w 2026 r. powinno min\u0105\u0107 lawinowe zagro\u017cenie? Ratownicy ostrzegaj\u0105 przed lawinami Pod koniec lutego 2026 r. do wypadku dosz\u0142o w Dolinie Mi\u0119guszowickiej, a do odszukania jednego z Polak\u00f3w trzeba by\u0142o u\u017cy\u0107 sondy. Niestety, \u017caden [&hellip;]<\/p>\n","protected":false},"author":5,"featured_media":48906,"comment_status":"open","ping_status":"open","sticky":false,"template":"","format":"standard","meta":{"_et_pb_use_builder":"","_et_pb_old_content":"","_et_gb_content_width":"","inline_featured_image":false,"footnotes":""},"categories":[26,10],"tags":[],"class_list":["post-48905","post","type-post","status-publish","format-standard","has-post-thumbnail","hentry","category-informacje","category-zima-w-zakopanem"],"yoast_head":"<!-- This site is optimized with the Yoast SEO plugin v27.4 - https:\/\/yoast.com\/product\/yoast-seo-wordpress\/ -->\n<title>Lawiny w Tatrach w 2026 r. Uwa\u017caj na siebie! - Visitzakopane.pl<\/title>\n<meta name=\"robots\" content=\"index, follow, max-snippet:-1, max-image-preview:large, max-video-preview:-1\" \/>\n<link rel=\"canonical\" href=\"https:\/\/www.visitzakopane.pl\/blog\/zima-w-zakopanem\/lawiny-w-tatrach-w-2026-r-uwazaj-na-siebie\/\" \/>\n<meta property=\"og:locale\" content=\"pl_PL\" \/>\n<meta property=\"og:type\" content=\"article\" \/>\n<meta property=\"og:title\" content=\"Lawiny w Tatrach w 2026 r. Uwa\u017caj na siebie! - Visitzakopane.pl\" \/>\n<meta property=\"og:description\" content=\"Pod koniec lutego w s\u0142owackich Tatrach pod lawin\u0105 zgin\u0119\u0142a dw\u00f3jka Polak\u00f3w. Ostrze\u017cenia wydaje te\u017c TOPR. Gdzie jest najbardziej niebezpiecznie i kiedy w 2026 r. powinno min\u0105\u0107 lawinowe zagro\u017cenie? Ratownicy ostrzegaj\u0105 przed lawinami Pod koniec lutego 2026 r. do wypadku dosz\u0142o w Dolinie Mi\u0119guszowickiej, a do odszukania jednego z Polak\u00f3w trzeba by\u0142o u\u017cy\u0107 sondy. Niestety, \u017caden [&hellip;]\" \/>\n<meta property=\"og:url\" content=\"https:\/\/www.visitzakopane.pl\/blog\/zima-w-zakopanem\/lawiny-w-tatrach-w-2026-r-uwazaj-na-siebie\/\" \/>\n<meta property=\"og:site_name\" content=\"Visitzakopane.pl\" \/>\n<meta property=\"article:published_time\" content=\"2026-03-06T16:44:35+00:00\" \/>\n<meta property=\"article:modified_time\" content=\"2026-03-13T16:48:13+00:00\" \/>\n<meta property=\"og:image\" content=\"https:\/\/www.visitzakopane.pl\/blog\/wp-content\/uploads\/2026\/03\/lawiny-tatry.png\" \/>\n\t<meta property=\"og:image:width\" content=\"1080\" \/>\n\t<meta property=\"og:image:height\" content=\"1080\" \/>\n\t<meta property=\"og:image:type\" content=\"image\/png\" \/>\n<meta name=\"author\" content=\"Redaktor\" \/>\n<meta name=\"twitter:card\" content=\"summary_large_image\" \/>\n<meta name=\"twitter:label1\" content=\"Napisane przez\" \/>\n\t<meta name=\"twitter:data1\" content=\"Redaktor\" \/>\n\t<meta name=\"twitter:label2\" content=\"Szacowany czas czytania\" \/>\n\t<meta name=\"twitter:data2\" content=\"4 minuty\" \/>\n<script type=\"application\/ld+json\" class=\"yoast-schema-graph\">{\"@context\":\"https:\\\/\\\/schema.org\",\"@graph\":[{\"@type\":\"Article\",\"@id\":\"https:\\\/\\\/www.visitzakopane.pl\\\/blog\\\/zima-w-zakopanem\\\/lawiny-w-tatrach-w-2026-r-uwazaj-na-siebie\\\/#article\",\"isPartOf\":{\"@id\":\"https:\\\/\\\/www.visitzakopane.pl\\\/blog\\\/zima-w-zakopanem\\\/lawiny-w-tatrach-w-2026-r-uwazaj-na-siebie\\\/\"},\"author\":{\"name\":\"Redaktor\",\"@id\":\"https:\\\/\\\/www.visitzakopane.pl\\\/blog\\\/#\\\/schema\\\/person\\\/55e8d3bfa5de48eb2a37fd3913a9f027\"},\"headline\":\"Lawiny w Tatrach w 2026 r. Uwa\u017caj na siebie!\",\"datePublished\":\"2026-03-06T16:44:35+00:00\",\"dateModified\":\"2026-03-13T16:48:13+00:00\",\"mainEntityOfPage\":{\"@id\":\"https:\\\/\\\/www.visitzakopane.pl\\\/blog\\\/zima-w-zakopanem\\\/lawiny-w-tatrach-w-2026-r-uwazaj-na-siebie\\\/\"},\"wordCount\":692,\"commentCount\":0,\"image\":{\"@id\":\"https:\\\/\\\/www.visitzakopane.pl\\\/blog\\\/zima-w-zakopanem\\\/lawiny-w-tatrach-w-2026-r-uwazaj-na-siebie\\\/#primaryimage\"},\"thumbnailUrl\":\"https:\\\/\\\/www.visitzakopane.pl\\\/blog\\\/wp-content\\\/uploads\\\/2026\\\/03\\\/lawiny-tatry.png\",\"articleSection\":[\"Informacje\",\"Zima w Zakopanem\"],\"inLanguage\":\"pl-PL\",\"potentialAction\":[{\"@type\":\"CommentAction\",\"name\":\"Comment\",\"target\":[\"https:\\\/\\\/www.visitzakopane.pl\\\/blog\\\/zima-w-zakopanem\\\/lawiny-w-tatrach-w-2026-r-uwazaj-na-siebie\\\/#respond\"]}]},{\"@type\":\"WebPage\",\"@id\":\"https:\\\/\\\/www.visitzakopane.pl\\\/blog\\\/zima-w-zakopanem\\\/lawiny-w-tatrach-w-2026-r-uwazaj-na-siebie\\\/\",\"url\":\"https:\\\/\\\/www.visitzakopane.pl\\\/blog\\\/zima-w-zakopanem\\\/lawiny-w-tatrach-w-2026-r-uwazaj-na-siebie\\\/\",\"name\":\"Lawiny w Tatrach w 2026 r. Uwa\u017caj na siebie! - Visitzakopane.pl\",\"isPartOf\":{\"@id\":\"https:\\\/\\\/www.visitzakopane.pl\\\/blog\\\/#website\"},\"primaryImageOfPage\":{\"@id\":\"https:\\\/\\\/www.visitzakopane.pl\\\/blog\\\/zima-w-zakopanem\\\/lawiny-w-tatrach-w-2026-r-uwazaj-na-siebie\\\/#primaryimage\"},\"image\":{\"@id\":\"https:\\\/\\\/www.visitzakopane.pl\\\/blog\\\/zima-w-zakopanem\\\/lawiny-w-tatrach-w-2026-r-uwazaj-na-siebie\\\/#primaryimage\"},\"thumbnailUrl\":\"https:\\\/\\\/www.visitzakopane.pl\\\/blog\\\/wp-content\\\/uploads\\\/2026\\\/03\\\/lawiny-tatry.png\",\"datePublished\":\"2026-03-06T16:44:35+00:00\",\"dateModified\":\"2026-03-13T16:48:13+00:00\",\"author\":{\"@id\":\"https:\\\/\\\/www.visitzakopane.pl\\\/blog\\\/#\\\/schema\\\/person\\\/55e8d3bfa5de48eb2a37fd3913a9f027\"},\"breadcrumb\":{\"@id\":\"https:\\\/\\\/www.visitzakopane.pl\\\/blog\\\/zima-w-zakopanem\\\/lawiny-w-tatrach-w-2026-r-uwazaj-na-siebie\\\/#breadcrumb\"},\"inLanguage\":\"pl-PL\",\"potentialAction\":[{\"@type\":\"ReadAction\",\"target\":[\"https:\\\/\\\/www.visitzakopane.pl\\\/blog\\\/zima-w-zakopanem\\\/lawiny-w-tatrach-w-2026-r-uwazaj-na-siebie\\\/\"]}]},{\"@type\":\"ImageObject\",\"inLanguage\":\"pl-PL\",\"@id\":\"https:\\\/\\\/www.visitzakopane.pl\\\/blog\\\/zima-w-zakopanem\\\/lawiny-w-tatrach-w-2026-r-uwazaj-na-siebie\\\/#primaryimage\",\"url\":\"https:\\\/\\\/www.visitzakopane.pl\\\/blog\\\/wp-content\\\/uploads\\\/2026\\\/03\\\/lawiny-tatry.png\",\"contentUrl\":\"https:\\\/\\\/www.visitzakopane.pl\\\/blog\\\/wp-content\\\/uploads\\\/2026\\\/03\\\/lawiny-tatry.png\",\"width\":1080,\"height\":1080},{\"@type\":\"BreadcrumbList\",\"@id\":\"https:\\\/\\\/www.visitzakopane.pl\\\/blog\\\/zima-w-zakopanem\\\/lawiny-w-tatrach-w-2026-r-uwazaj-na-siebie\\\/#breadcrumb\",\"itemListElement\":[{\"@type\":\"ListItem\",\"position\":1,\"name\":\"Strona g\u0142\u00f3wna\",\"item\":\"https:\\\/\\\/www.visitzakopane.pl\\\/blog\\\/\"},{\"@type\":\"ListItem\",\"position\":2,\"name\":\"Lawiny w Tatrach w 2026 r. Uwa\u017caj na siebie!\"}]},{\"@type\":\"WebSite\",\"@id\":\"https:\\\/\\\/www.visitzakopane.pl\\\/blog\\\/#website\",\"url\":\"https:\\\/\\\/www.visitzakopane.pl\\\/blog\\\/\",\"name\":\"Visitzakopane.pl\",\"description\":\"\",\"potentialAction\":[{\"@type\":\"SearchAction\",\"target\":{\"@type\":\"EntryPoint\",\"urlTemplate\":\"https:\\\/\\\/www.visitzakopane.pl\\\/blog\\\/?s={search_term_string}\"},\"query-input\":{\"@type\":\"PropertyValueSpecification\",\"valueRequired\":true,\"valueName\":\"search_term_string\"}}],\"inLanguage\":\"pl-PL\"},{\"@type\":\"Person\",\"@id\":\"https:\\\/\\\/www.visitzakopane.pl\\\/blog\\\/#\\\/schema\\\/person\\\/55e8d3bfa5de48eb2a37fd3913a9f027\",\"name\":\"Redaktor\",\"image\":{\"@type\":\"ImageObject\",\"inLanguage\":\"pl-PL\",\"@id\":\"https:\\\/\\\/secure.gravatar.com\\\/avatar\\\/d419e13cffa2bf8c8e3bce3d727c445e27671f005db91dc738a603e3badf9b8c?s=96&d=mm&r=g\",\"url\":\"https:\\\/\\\/secure.gravatar.com\\\/avatar\\\/d419e13cffa2bf8c8e3bce3d727c445e27671f005db91dc738a603e3badf9b8c?s=96&d=mm&r=g\",\"contentUrl\":\"https:\\\/\\\/secure.gravatar.com\\\/avatar\\\/d419e13cffa2bf8c8e3bce3d727c445e27671f005db91dc738a603e3badf9b8c?s=96&d=mm&r=g\",\"caption\":\"Redaktor\"}}]}<\/script>\n<!-- \/ Yoast SEO plugin. -->","yoast_head_json":{"title":"Lawiny w Tatrach w 2026 r. Uwa\u017caj na siebie! - Visitzakopane.pl","robots":{"index":"index","follow":"follow","max-snippet":"max-snippet:-1","max-image-preview":"max-image-preview:large","max-video-preview":"max-video-preview:-1"},"canonical":"https:\/\/www.visitzakopane.pl\/blog\/zima-w-zakopanem\/lawiny-w-tatrach-w-2026-r-uwazaj-na-siebie\/","og_locale":"pl_PL","og_type":"article","og_title":"Lawiny w Tatrach w 2026 r. Uwa\u017caj na siebie! - Visitzakopane.pl","og_description":"Pod koniec lutego w s\u0142owackich Tatrach pod lawin\u0105 zgin\u0119\u0142a dw\u00f3jka Polak\u00f3w. Ostrze\u017cenia wydaje te\u017c TOPR. Gdzie jest najbardziej niebezpiecznie i kiedy w 2026 r. powinno min\u0105\u0107 lawinowe zagro\u017cenie? Ratownicy ostrzegaj\u0105 przed lawinami Pod koniec lutego 2026 r. do wypadku dosz\u0142o w Dolinie Mi\u0119guszowickiej, a do odszukania jednego z Polak\u00f3w trzeba by\u0142o u\u017cy\u0107 sondy. Niestety, \u017caden [&hellip;]","og_url":"https:\/\/www.visitzakopane.pl\/blog\/zima-w-zakopanem\/lawiny-w-tatrach-w-2026-r-uwazaj-na-siebie\/","og_site_name":"Visitzakopane.pl","article_published_time":"2026-03-06T16:44:35+00:00","article_modified_time":"2026-03-13T16:48:13+00:00","og_image":[{"width":1080,"height":1080,"url":"https:\/\/www.visitzakopane.pl\/blog\/wp-content\/uploads\/2026\/03\/lawiny-tatry.png","type":"image\/png"}],"author":"Redaktor","twitter_card":"summary_large_image","twitter_misc":{"Napisane przez":"Redaktor","Szacowany czas czytania":"4 minuty"},"schema":{"@context":"https:\/\/schema.org","@graph":[{"@type":"Article","@id":"https:\/\/www.visitzakopane.pl\/blog\/zima-w-zakopanem\/lawiny-w-tatrach-w-2026-r-uwazaj-na-siebie\/#article","isPartOf":{"@id":"https:\/\/www.visitzakopane.pl\/blog\/zima-w-zakopanem\/lawiny-w-tatrach-w-2026-r-uwazaj-na-siebie\/"},"author":{"name":"Redaktor","@id":"https:\/\/www.visitzakopane.pl\/blog\/#\/schema\/person\/55e8d3bfa5de48eb2a37fd3913a9f027"},"headline":"Lawiny w Tatrach w 2026 r. Uwa\u017caj na siebie!","datePublished":"2026-03-06T16:44:35+00:00","dateModified":"2026-03-13T16:48:13+00:00","mainEntityOfPage":{"@id":"https:\/\/www.visitzakopane.pl\/blog\/zima-w-zakopanem\/lawiny-w-tatrach-w-2026-r-uwazaj-na-siebie\/"},"wordCount":692,"commentCount":0,"image":{"@id":"https:\/\/www.visitzakopane.pl\/blog\/zima-w-zakopanem\/lawiny-w-tatrach-w-2026-r-uwazaj-na-siebie\/#primaryimage"},"thumbnailUrl":"https:\/\/www.visitzakopane.pl\/blog\/wp-content\/uploads\/2026\/03\/lawiny-tatry.png","articleSection":["Informacje","Zima w Zakopanem"],"inLanguage":"pl-PL","potentialAction":[{"@type":"CommentAction","name":"Comment","target":["https:\/\/www.visitzakopane.pl\/blog\/zima-w-zakopanem\/lawiny-w-tatrach-w-2026-r-uwazaj-na-siebie\/#respond"]}]},{"@type":"WebPage","@id":"https:\/\/www.visitzakopane.pl\/blog\/zima-w-zakopanem\/lawiny-w-tatrach-w-2026-r-uwazaj-na-siebie\/","url":"https:\/\/www.visitzakopane.pl\/blog\/zima-w-zakopanem\/lawiny-w-tatrach-w-2026-r-uwazaj-na-siebie\/","name":"Lawiny w Tatrach w 2026 r. Uwa\u017caj na siebie! - Visitzakopane.pl","isPartOf":{"@id":"https:\/\/www.visitzakopane.pl\/blog\/#website"},"primaryImageOfPage":{"@id":"https:\/\/www.visitzakopane.pl\/blog\/zima-w-zakopanem\/lawiny-w-tatrach-w-2026-r-uwazaj-na-siebie\/#primaryimage"},"image":{"@id":"https:\/\/www.visitzakopane.pl\/blog\/zima-w-zakopanem\/lawiny-w-tatrach-w-2026-r-uwazaj-na-siebie\/#primaryimage"},"thumbnailUrl":"https:\/\/www.visitzakopane.pl\/blog\/wp-content\/uploads\/2026\/03\/lawiny-tatry.png","datePublished":"2026-03-06T16:44:35+00:00","dateModified":"2026-03-13T16:48:13+00:00","author":{"@id":"https:\/\/www.visitzakopane.pl\/blog\/#\/schema\/person\/55e8d3bfa5de48eb2a37fd3913a9f027"},"breadcrumb":{"@id":"https:\/\/www.visitzakopane.pl\/blog\/zima-w-zakopanem\/lawiny-w-tatrach-w-2026-r-uwazaj-na-siebie\/#breadcrumb"},"inLanguage":"pl-PL","potentialAction":[{"@type":"ReadAction","target":["https:\/\/www.visitzakopane.pl\/blog\/zima-w-zakopanem\/lawiny-w-tatrach-w-2026-r-uwazaj-na-siebie\/"]}]},{"@type":"ImageObject","inLanguage":"pl-PL","@id":"https:\/\/www.visitzakopane.pl\/blog\/zima-w-zakopanem\/lawiny-w-tatrach-w-2026-r-uwazaj-na-siebie\/#primaryimage","url":"https:\/\/www.visitzakopane.pl\/blog\/wp-content\/uploads\/2026\/03\/lawiny-tatry.png","contentUrl":"https:\/\/www.visitzakopane.pl\/blog\/wp-content\/uploads\/2026\/03\/lawiny-tatry.png","width":1080,"height":1080},{"@type":"BreadcrumbList","@id":"https:\/\/www.visitzakopane.pl\/blog\/zima-w-zakopanem\/lawiny-w-tatrach-w-2026-r-uwazaj-na-siebie\/#breadcrumb","itemListElement":[{"@type":"ListItem","position":1,"name":"Strona g\u0142\u00f3wna","item":"https:\/\/www.visitzakopane.pl\/blog\/"},{"@type":"ListItem","position":2,"name":"Lawiny w Tatrach w 2026 r. Uwa\u017caj na siebie!"}]},{"@type":"WebSite","@id":"https:\/\/www.visitzakopane.pl\/blog\/#website","url":"https:\/\/www.visitzakopane.pl\/blog\/","name":"Visitzakopane.pl","description":"","potentialAction":[{"@type":"SearchAction","target":{"@type":"EntryPoint","urlTemplate":"https:\/\/www.visitzakopane.pl\/blog\/?s={search_term_string}"},"query-input":{"@type":"PropertyValueSpecification","valueRequired":true,"valueName":"search_term_string"}}],"inLanguage":"pl-PL"},{"@type":"Person","@id":"https:\/\/www.visitzakopane.pl\/blog\/#\/schema\/person\/55e8d3bfa5de48eb2a37fd3913a9f027","name":"Redaktor","image":{"@type":"ImageObject","inLanguage":"pl-PL","@id":"https:\/\/secure.gravatar.com\/avatar\/d419e13cffa2bf8c8e3bce3d727c445e27671f005db91dc738a603e3badf9b8c?s=96&d=mm&r=g","url":"https:\/\/secure.gravatar.com\/avatar\/d419e13cffa2bf8c8e3bce3d727c445e27671f005db91dc738a603e3badf9b8c?s=96&d=mm&r=g","contentUrl":"https:\/\/secure.gravatar.com\/avatar\/d419e13cffa2bf8c8e3bce3d727c445e27671f005db91dc738a603e3badf9b8c?s=96&d=mm&r=g","caption":"Redaktor"}}]}},"_links":{"self":[{"href":"https:\/\/www.visitzakopane.pl\/blog\/wp-json\/wp\/v2\/posts\/48905","targetHints":{"allow":["GET"]}}],"collection":[{"href":"https:\/\/www.visitzakopane.pl\/blog\/wp-json\/wp\/v2\/posts"}],"about":[{"href":"https:\/\/www.visitzakopane.pl\/blog\/wp-json\/wp\/v2\/types\/post"}],"author":[{"embeddable":true,"href":"https:\/\/www.visitzakopane.pl\/blog\/wp-json\/wp\/v2\/users\/5"}],"replies":[{"embeddable":true,"href":"https:\/\/www.visitzakopane.pl\/blog\/wp-json\/wp\/v2\/comments?post=48905"}],"version-history":[{"count":1,"href":"https:\/\/www.visitzakopane.pl\/blog\/wp-json\/wp\/v2\/posts\/48905\/revisions"}],"predecessor-version":[{"id":48907,"href":"https:\/\/www.visitzakopane.pl\/blog\/wp-json\/wp\/v2\/posts\/48905\/revisions\/48907"}],"wp:featuredmedia":[{"embeddable":true,"href":"https:\/\/www.visitzakopane.pl\/blog\/wp-json\/wp\/v2\/media\/48906"}],"wp:attachment":[{"href":"https:\/\/www.visitzakopane.pl\/blog\/wp-json\/wp\/v2\/media?parent=48905"}],"wp:term":[{"taxonomy":"category","embeddable":true,"href":"https:\/\/www.visitzakopane.pl\/blog\/wp-json\/wp\/v2\/categories?post=48905"},{"taxonomy":"post_tag","embeddable":true,"href":"https:\/\/www.visitzakopane.pl\/blog\/wp-json\/wp\/v2\/tags?post=48905"}],"curies":[{"name":"wp","href":"https:\/\/api.w.org\/{rel}","templated":true}]}}