{"id":48902,"date":"2026-02-27T17:41:48","date_gmt":"2026-02-27T16:41:48","guid":{"rendered":"https:\/\/www.visitzakopane.pl\/blog\/?p=48902"},"modified":"2026-03-13T17:44:14","modified_gmt":"2026-03-13T16:44:14","slug":"bledy-turystow-w-gorach-ktore-moga-kosztowac-zycie-cz-1-zima","status":"publish","type":"post","link":"https:\/\/www.visitzakopane.pl\/blog\/zima-w-zakopanem\/bledy-turystow-w-gorach-ktore-moga-kosztowac-zycie-cz-1-zima\/","title":{"rendered":"B\u0142\u0119dy turyst\u00f3w w g\u00f3rach, kt\u00f3re mog\u0105 kosztowa\u0107 \u017cycie cz. 1 &#8211; ZIMA"},"content":{"rendered":"<p data-pm-slice=\"1 1 []\"><strong>Porady ChatGPT, na nogach trampki, a w plecaku nap\u00f3j energetyczny lub co\u015b mocniejszego \u2014 to coraz cz\u0119stsze powody, dla kt\u00f3rych tury\u015bci w Tatrach nara\u017caj\u0105 zim\u0105 zdrowie i \u017cycie. Przewodnicy apeluj\u0105 o rozs\u0105dek i wymieniaj\u0105 najwi\u0119ksze b\u0142\u0119dy turyst\u00f3w, kt\u00f3re nie raz doprowadzi\u0142y do hipotermii i innych niebezpiecznych konsekwencji.<\/strong><\/p>\n<h2 data-pm-slice=\"1 1 []\">Najg\u0142upsze b\u0142\u0119dy turyst\u00f3w w g\u00f3rach zim\u0105<\/h2>\n<ul>\n<li>Ratownicy pi\u0119tnuj\u0105 <strong>zbyt p\u00f3\u017ane wyj\u015bcia w g\u00f3ry<\/strong>: zim\u0105 wypad o 11:00-12:00 w Tatry mo\u017ce si\u0119 zako\u0144czy\u0107 konieczno\u015bci\u0105 wezwania pomocy TOPR nawet w popularnych miejscach jak Dolina Pi\u0119ciu Staw\u00f3w. Ciemno mo\u017ce si\u0119 zrobi\u0107 w kr\u00f3tkim czasie, a tury\u015bci strac\u0105 orientacj\u0119 i nie b\u0119d\u0105 mogli trafi\u0107 do schroniska ani do domu.<\/li>\n<li>Rosn\u0105cym problemem jest te\u017c brak przygotowania w g\u00f3rach na szlakach pod k\u0105tem prowiantu \u2014 cho\u0107 dost\u0119pno\u015b\u0107 energetycznych przek\u0105sek teoretycznie ro\u015bnie, maleje wiedza o tym, \u017ce <strong>ciep\u0142a herbata zim\u0105 na szlaku sprawdzi si\u0119 lepiej ni\u017c alkohol czy nap\u00f3j energetyczny.<\/strong><\/li>\n<\/ul>\n<p>Wi\u0119cej na ten temat: <a class=\"zReHs\" href=\"https:\/\/www.visitzakopane.pl\/blog\/zakopane-z-rodzina\/co-zabrac-w-gory-z-dzieckiem-lista-niezbednych-rzeczy-na-wyjazd\/\" target=\"_blank\" rel=\"noopener noreferrer\">Co zabra\u0107 w g\u00f3ry z dzieckiem? Lista niezb\u0119dnych rzeczy na wyjazd<\/a><\/p>\n<p>&nbsp;<\/p>\n<ul>\n<li>Sporo m\u00f3wi si\u0119 w mediach o tym, by<strong> nie wchodzi\u0107 na Morskie Oko <\/strong>czy inne zamarzni\u0119te stawy, a mimo to co roku takie sytuacje si\u0119 zdarzaj\u0105, a tury\u015bci wchodz\u0105 na l\u00f3d (r\u00f3wnie\u017c po zmroku).<\/li>\n<li>Ratownicy G\u00f3rskiego Ochotniczego pogotowia ratunkowego zwracaj\u0105 uwag\u0119, by nie rusza\u0107 zim\u0105 w g\u00f3r\u0119<strong> bez czekana;<\/strong> mimo to tury\u015bci nie zawsze go maj\u0105, a czasem brak im umiej\u0119tno\u015bci, by wykorzysta\u0107 go w trudnym terenie czy podczas \u015bnie\u017cycy.<\/li>\n<li>Ratownicy zwracaj\u0105 te\u017c uwag\u0119, \u017ce wyb\u00f3r raczk\u00f3w na wyj\u015bcie w wy\u017csze g\u00f3ry zim\u0105 o b\u0142\u0105d \u2014 bezpieczniejsze b\u0119d\u0105 <strong>raki, kijki i czekan, <\/strong>aby mie\u0107 dobr\u0105 przyczepno\u015b\u0107. Jednak \u015bwiadomo\u015b\u0107 r\u00f3\u017cnic pomi\u0119dzy rakami a raczkami bywa niska, a niekt\u00f3rzy na wyprawy w naprawd\u0119 niebezpieczne trasy w og\u00f3le nie zabieraj\u0105 takiego sprz\u0119tu.<\/li>\n<\/ul>\n<p>&nbsp;<\/p>\n<p><strong>Wa\u017cne!<\/strong> W internetowych sklepach i wyszukiwarkach poj\u0119cia dotycz\u0105ce sprz\u0119tu bywaj\u0105 mylone, np. raki i raczki s\u0105 stosowane wymiennie, cho\u0107 to dwie r\u00f3\u017cne rzeczy. Szczeg\u00f3lnie m\u0142odym osobom polecamy zacz\u0105\u0107 wycieczk\u0119 od wypo\u017cyczalni sprz\u0119tu lub dobrego sklepu ze sprz\u0119tem g\u00f3rskim.<\/p>\n<ul>\n<li>Ro\u015bnie te\u017c problem aut nieprzygotowanych na podr\u00f3\u017ce poza Zakopane, a nawet na podjazd do pensjonatu czy schroniska. Oczywi\u015bcie tego problemu nie ma, je\u015bli wynajmujemy <a href=\"https:\/\/www.visitzakopane.pl\/en\/apartaments\/zakopane-centrum\" target=\"_blank\" rel=\"noopener noreferrer\">apartamenty w centrum Zakopanego<\/a>, ale ju\u017c do urokliwych chatek poza miastem czasem nie da si\u0119 dojecha\u0107 bez \u0142a\u0144cuch\u00f3w na oponach.<\/li>\n<\/ul>\n<p>To tylko niekt\u00f3re najpopularniejsze b\u0142\u0119dy polegaj\u0105ce g\u0142\u00f3wnie na nieznajomo\u015bci warunk\u00f3w i ignorowanie podstawowych zasad bezpiecze\u0144stwa.<\/p>\n<p>&nbsp;<\/p>\n<h2>Tury\u015bci w g\u00f3rach zim\u0105 na \u0142asce telefonu i ChataGPT<\/h2>\n<p>Cho\u0107 smartfon mo\u017ce pom\u00f3c w sytuacji kryzysowej, je\u015bli masz aplikacj\u0119 TOPR czy pogodow\u0105, to niestety coraz cz\u0119\u015bciej przez swoje smartfonu tury\u015bci maj\u0105 w g\u00f3rach, szczeg\u00f3lnie zim\u0105, spore problemy. Przyk\u0142ady z ostatnich lat:<\/p>\n<p><em>Dziecko wspina\u0142o si\u0119 na stoku Kasprowego Wierchu i tylko szcz\u0119\u015bcie zadecydowa\u0142o o tym, \u017ce nie &#8222;zjecha\u0142o&#8221; 1000 metr\u00f3w w d\u00f3\u0142; ojciec sta\u0142 obok i kr\u0119ci\u0142 wspinaczk\u0119 kom\u00f3rk\u0105<\/em>. (\u017ar\u00f3d\u0142o: <a href=\"https:\/\/dziendobry.tvn.pl\/gorace-tematy\/niebezpieczne-zachowania-turystow-w-gorach-zima-st8834274\" target=\"_blank\" rel=\"noopener noreferrer\">Dzie\u0144 Dobry TVN<\/a>)<\/p>\n<p><em>Wcze\u015bniej tury\u015bci podczas zimowego pobytu na szlaku napotkali nied\u017awiedzia, jednak, zamiast ucieka\u0107, wyj\u0119li smartfony, aby zrobi\u0107 zdj\u0119cia<\/em>. (\u017ar\u00f3d\u0142o: <a href=\"https:\/\/wiadomosci.wp.pl\/niebezpieczne-spotkanie-w-tatrach-sliczny-jestes-7038774391851808a\" target=\"_blank\" rel=\"noopener noreferrer\">WP.PL<\/a>)<\/p>\n<p><em>W 2025 r. turystka pozowa\u0142a do zdj\u0119cia, mocz\u0105c nogi w g\u00f3rskim stawie \u2014 do kt\u00f3rego nie wolno wchodzi\u0107.<\/em> (\u017ar\u00f3d\u0142o: <a href=\"https:\/\/podroze.onet.pl\/aktualnosci\/szokujace-zachowanie-turystki-w-tatrach-karac\/e7kty9b\" target=\"_blank\" rel=\"noopener noreferrer\">Onet.pl<\/a>)<\/p>\n<p>Co ciekawe, nie tylko sam smartfon mo\u017ce by\u0107 przyczyn\u0105 (dos\u0142ownego) upadku turyst\u00f3w. Na pocz\u0105tku 2025 r. tury\u015bci musieli wezwa\u0107 ratownik\u00f3w TOPR po tym, jak niebezpieczn\u0105 <strong>drog\u0119 do Doliny Pi\u0119ciu Staw\u00f3w wskaza\u0142 im ChatGPT<\/strong>. To pokazuje, \u017ce powinni\u015bmy mie\u0107 w g\u00f3rach zim\u0105 oczy i uszy otwarte i nie polega\u0107 wy\u0142\u0105cznie na elektronice.<\/p>\n<p>&nbsp;<\/p>\n<h2>Problemy ze strojem turyst\u00f3w w Tatrach zim\u0105<\/h2>\n<p>Zim\u0105 w g\u00f3rach nie ma miejsca na \u017cadne przypadkowe stroje czy nieprawid\u0142owe obuwie. Tymczasem wielu z nas, odzwyczajonych od g\u0142\u0119bokiego \u015bniegu czy mrozu, wychodzi na szlak zim\u0105 w adidasach, kaloszach czy innych przypadkowych butach. wi\u0119cej na ten temat pisali\u015bmy tu: <a class=\"zReHs\" href=\"https:\/\/www.visitzakopane.pl\/blog\/zima-w-zakopanem\/jak-zabezpieczyc-sie-przed-zimnem-w-gorach-praktyczne-porady\/\" target=\"_blank\" rel=\"noopener noreferrer\">Jak zabezpieczy\u0107 si\u0119 przed zimnem w g\u00f3rach?<\/a><\/p>\n<p><strong>Dobry str\u00f3j na takiej wyprawie te\u017c mo\u017ce ocali\u0107 \u017cycie, <\/strong>a bardzo cz\u0119sto typowa odzie\u017c czy czapki s\u0105 nieprzygotowane na zamie\u0107 \u015bnie\u017cn\u0105, silny wiatr czy deszcz. To tylko niekt\u00f3re najpowa\u017cniejsze b\u0142\u0119dy, o kt\u00f3rych co roku m\u00f3wi\u0105 ratownicy w g\u00f3rach. Warto prze\u015bledzi\u0107 przed wyj\u015bciem komunikaty na stronie TOPR, aby nie ryzykowa\u0107 niepotrzebnie na szlakach w trudnych warunkach, kt\u00f3re panuj\u0105 zim\u0105.<\/p>\n","protected":false},"excerpt":{"rendered":"<p>Porady ChatGPT, na nogach trampki, a w plecaku nap\u00f3j energetyczny lub co\u015b mocniejszego \u2014 to coraz cz\u0119stsze powody, dla kt\u00f3rych tury\u015bci w Tatrach nara\u017caj\u0105 zim\u0105 zdrowie i \u017cycie. Przewodnicy apeluj\u0105 o rozs\u0105dek i wymieniaj\u0105 najwi\u0119ksze b\u0142\u0119dy turyst\u00f3w, kt\u00f3re nie raz doprowadzi\u0142y do hipotermii i innych niebezpiecznych konsekwencji. Najg\u0142upsze b\u0142\u0119dy turyst\u00f3w w g\u00f3rach zim\u0105 Ratownicy pi\u0119tnuj\u0105 [&hellip;]<\/p>\n","protected":false},"author":5,"featured_media":48903,"comment_status":"open","ping_status":"open","sticky":false,"template":"","format":"standard","meta":{"_et_pb_use_builder":"","_et_pb_old_content":"","_et_gb_content_width":"","inline_featured_image":false,"footnotes":""},"categories":[26,10],"tags":[],"class_list":["post-48902","post","type-post","status-publish","format-standard","has-post-thumbnail","hentry","category-informacje","category-zima-w-zakopanem"],"yoast_head":"<!-- This site is optimized with the Yoast SEO plugin v27.4 - https:\/\/yoast.com\/product\/yoast-seo-wordpress\/ -->\n<title>B\u0142\u0119dy turyst\u00f3w w g\u00f3rach, kt\u00f3re mog\u0105 kosztowa\u0107 \u017cycie cz. 1 - ZIMA - Visitzakopane.pl<\/title>\n<meta name=\"robots\" content=\"index, follow, max-snippet:-1, max-image-preview:large, max-video-preview:-1\" \/>\n<link rel=\"canonical\" href=\"https:\/\/www.visitzakopane.pl\/blog\/zima-w-zakopanem\/bledy-turystow-w-gorach-ktore-moga-kosztowac-zycie-cz-1-zima\/\" \/>\n<meta property=\"og:locale\" content=\"pl_PL\" \/>\n<meta property=\"og:type\" content=\"article\" \/>\n<meta property=\"og:title\" content=\"B\u0142\u0119dy turyst\u00f3w w g\u00f3rach, kt\u00f3re mog\u0105 kosztowa\u0107 \u017cycie cz. 1 - ZIMA - Visitzakopane.pl\" \/>\n<meta property=\"og:description\" content=\"Porady ChatGPT, na nogach trampki, a w plecaku nap\u00f3j energetyczny lub co\u015b mocniejszego \u2014 to coraz cz\u0119stsze powody, dla kt\u00f3rych tury\u015bci w Tatrach nara\u017caj\u0105 zim\u0105 zdrowie i \u017cycie. Przewodnicy apeluj\u0105 o rozs\u0105dek i wymieniaj\u0105 najwi\u0119ksze b\u0142\u0119dy turyst\u00f3w, kt\u00f3re nie raz doprowadzi\u0142y do hipotermii i innych niebezpiecznych konsekwencji. Najg\u0142upsze b\u0142\u0119dy turyst\u00f3w w g\u00f3rach zim\u0105 Ratownicy pi\u0119tnuj\u0105 [&hellip;]\" \/>\n<meta property=\"og:url\" content=\"https:\/\/www.visitzakopane.pl\/blog\/zima-w-zakopanem\/bledy-turystow-w-gorach-ktore-moga-kosztowac-zycie-cz-1-zima\/\" \/>\n<meta property=\"og:site_name\" content=\"Visitzakopane.pl\" \/>\n<meta property=\"article:published_time\" content=\"2026-02-27T16:41:48+00:00\" \/>\n<meta property=\"article:modified_time\" content=\"2026-03-13T16:44:14+00:00\" \/>\n<meta property=\"og:image\" content=\"https:\/\/www.visitzakopane.pl\/blog\/wp-content\/uploads\/2026\/03\/zima-bledy.png\" \/>\n\t<meta property=\"og:image:width\" content=\"1080\" \/>\n\t<meta property=\"og:image:height\" content=\"1080\" \/>\n\t<meta property=\"og:image:type\" content=\"image\/png\" \/>\n<meta name=\"author\" content=\"Redaktor\" \/>\n<meta name=\"twitter:card\" content=\"summary_large_image\" \/>\n<meta name=\"twitter:label1\" content=\"Napisane przez\" \/>\n\t<meta name=\"twitter:data1\" content=\"Redaktor\" \/>\n\t<meta name=\"twitter:label2\" content=\"Szacowany czas czytania\" \/>\n\t<meta name=\"twitter:data2\" content=\"5 minut\" \/>\n<script type=\"application\/ld+json\" class=\"yoast-schema-graph\">{\"@context\":\"https:\\\/\\\/schema.org\",\"@graph\":[{\"@type\":\"Article\",\"@id\":\"https:\\\/\\\/www.visitzakopane.pl\\\/blog\\\/zima-w-zakopanem\\\/bledy-turystow-w-gorach-ktore-moga-kosztowac-zycie-cz-1-zima\\\/#article\",\"isPartOf\":{\"@id\":\"https:\\\/\\\/www.visitzakopane.pl\\\/blog\\\/zima-w-zakopanem\\\/bledy-turystow-w-gorach-ktore-moga-kosztowac-zycie-cz-1-zima\\\/\"},\"author\":{\"name\":\"Redaktor\",\"@id\":\"https:\\\/\\\/www.visitzakopane.pl\\\/blog\\\/#\\\/schema\\\/person\\\/55e8d3bfa5de48eb2a37fd3913a9f027\"},\"headline\":\"B\u0142\u0119dy turyst\u00f3w w g\u00f3rach, kt\u00f3re mog\u0105 kosztowa\u0107 \u017cycie cz. 1 &#8211; ZIMA\",\"datePublished\":\"2026-02-27T16:41:48+00:00\",\"dateModified\":\"2026-03-13T16:44:14+00:00\",\"mainEntityOfPage\":{\"@id\":\"https:\\\/\\\/www.visitzakopane.pl\\\/blog\\\/zima-w-zakopanem\\\/bledy-turystow-w-gorach-ktore-moga-kosztowac-zycie-cz-1-zima\\\/\"},\"wordCount\":809,\"commentCount\":0,\"image\":{\"@id\":\"https:\\\/\\\/www.visitzakopane.pl\\\/blog\\\/zima-w-zakopanem\\\/bledy-turystow-w-gorach-ktore-moga-kosztowac-zycie-cz-1-zima\\\/#primaryimage\"},\"thumbnailUrl\":\"https:\\\/\\\/www.visitzakopane.pl\\\/blog\\\/wp-content\\\/uploads\\\/2026\\\/03\\\/zima-bledy.png\",\"articleSection\":[\"Informacje\",\"Zima w Zakopanem\"],\"inLanguage\":\"pl-PL\",\"potentialAction\":[{\"@type\":\"CommentAction\",\"name\":\"Comment\",\"target\":[\"https:\\\/\\\/www.visitzakopane.pl\\\/blog\\\/zima-w-zakopanem\\\/bledy-turystow-w-gorach-ktore-moga-kosztowac-zycie-cz-1-zima\\\/#respond\"]}]},{\"@type\":\"WebPage\",\"@id\":\"https:\\\/\\\/www.visitzakopane.pl\\\/blog\\\/zima-w-zakopanem\\\/bledy-turystow-w-gorach-ktore-moga-kosztowac-zycie-cz-1-zima\\\/\",\"url\":\"https:\\\/\\\/www.visitzakopane.pl\\\/blog\\\/zima-w-zakopanem\\\/bledy-turystow-w-gorach-ktore-moga-kosztowac-zycie-cz-1-zima\\\/\",\"name\":\"B\u0142\u0119dy turyst\u00f3w w g\u00f3rach, kt\u00f3re mog\u0105 kosztowa\u0107 \u017cycie cz. 1 - ZIMA - Visitzakopane.pl\",\"isPartOf\":{\"@id\":\"https:\\\/\\\/www.visitzakopane.pl\\\/blog\\\/#website\"},\"primaryImageOfPage\":{\"@id\":\"https:\\\/\\\/www.visitzakopane.pl\\\/blog\\\/zima-w-zakopanem\\\/bledy-turystow-w-gorach-ktore-moga-kosztowac-zycie-cz-1-zima\\\/#primaryimage\"},\"image\":{\"@id\":\"https:\\\/\\\/www.visitzakopane.pl\\\/blog\\\/zima-w-zakopanem\\\/bledy-turystow-w-gorach-ktore-moga-kosztowac-zycie-cz-1-zima\\\/#primaryimage\"},\"thumbnailUrl\":\"https:\\\/\\\/www.visitzakopane.pl\\\/blog\\\/wp-content\\\/uploads\\\/2026\\\/03\\\/zima-bledy.png\",\"datePublished\":\"2026-02-27T16:41:48+00:00\",\"dateModified\":\"2026-03-13T16:44:14+00:00\",\"author\":{\"@id\":\"https:\\\/\\\/www.visitzakopane.pl\\\/blog\\\/#\\\/schema\\\/person\\\/55e8d3bfa5de48eb2a37fd3913a9f027\"},\"breadcrumb\":{\"@id\":\"https:\\\/\\\/www.visitzakopane.pl\\\/blog\\\/zima-w-zakopanem\\\/bledy-turystow-w-gorach-ktore-moga-kosztowac-zycie-cz-1-zima\\\/#breadcrumb\"},\"inLanguage\":\"pl-PL\",\"potentialAction\":[{\"@type\":\"ReadAction\",\"target\":[\"https:\\\/\\\/www.visitzakopane.pl\\\/blog\\\/zima-w-zakopanem\\\/bledy-turystow-w-gorach-ktore-moga-kosztowac-zycie-cz-1-zima\\\/\"]}]},{\"@type\":\"ImageObject\",\"inLanguage\":\"pl-PL\",\"@id\":\"https:\\\/\\\/www.visitzakopane.pl\\\/blog\\\/zima-w-zakopanem\\\/bledy-turystow-w-gorach-ktore-moga-kosztowac-zycie-cz-1-zima\\\/#primaryimage\",\"url\":\"https:\\\/\\\/www.visitzakopane.pl\\\/blog\\\/wp-content\\\/uploads\\\/2026\\\/03\\\/zima-bledy.png\",\"contentUrl\":\"https:\\\/\\\/www.visitzakopane.pl\\\/blog\\\/wp-content\\\/uploads\\\/2026\\\/03\\\/zima-bledy.png\",\"width\":1080,\"height\":1080},{\"@type\":\"BreadcrumbList\",\"@id\":\"https:\\\/\\\/www.visitzakopane.pl\\\/blog\\\/zima-w-zakopanem\\\/bledy-turystow-w-gorach-ktore-moga-kosztowac-zycie-cz-1-zima\\\/#breadcrumb\",\"itemListElement\":[{\"@type\":\"ListItem\",\"position\":1,\"name\":\"Strona g\u0142\u00f3wna\",\"item\":\"https:\\\/\\\/www.visitzakopane.pl\\\/blog\\\/\"},{\"@type\":\"ListItem\",\"position\":2,\"name\":\"B\u0142\u0119dy turyst\u00f3w w g\u00f3rach, kt\u00f3re mog\u0105 kosztowa\u0107 \u017cycie cz. 1 &#8211; ZIMA\"}]},{\"@type\":\"WebSite\",\"@id\":\"https:\\\/\\\/www.visitzakopane.pl\\\/blog\\\/#website\",\"url\":\"https:\\\/\\\/www.visitzakopane.pl\\\/blog\\\/\",\"name\":\"Visitzakopane.pl\",\"description\":\"\",\"potentialAction\":[{\"@type\":\"SearchAction\",\"target\":{\"@type\":\"EntryPoint\",\"urlTemplate\":\"https:\\\/\\\/www.visitzakopane.pl\\\/blog\\\/?s={search_term_string}\"},\"query-input\":{\"@type\":\"PropertyValueSpecification\",\"valueRequired\":true,\"valueName\":\"search_term_string\"}}],\"inLanguage\":\"pl-PL\"},{\"@type\":\"Person\",\"@id\":\"https:\\\/\\\/www.visitzakopane.pl\\\/blog\\\/#\\\/schema\\\/person\\\/55e8d3bfa5de48eb2a37fd3913a9f027\",\"name\":\"Redaktor\",\"image\":{\"@type\":\"ImageObject\",\"inLanguage\":\"pl-PL\",\"@id\":\"https:\\\/\\\/secure.gravatar.com\\\/avatar\\\/d419e13cffa2bf8c8e3bce3d727c445e27671f005db91dc738a603e3badf9b8c?s=96&d=mm&r=g\",\"url\":\"https:\\\/\\\/secure.gravatar.com\\\/avatar\\\/d419e13cffa2bf8c8e3bce3d727c445e27671f005db91dc738a603e3badf9b8c?s=96&d=mm&r=g\",\"contentUrl\":\"https:\\\/\\\/secure.gravatar.com\\\/avatar\\\/d419e13cffa2bf8c8e3bce3d727c445e27671f005db91dc738a603e3badf9b8c?s=96&d=mm&r=g\",\"caption\":\"Redaktor\"}}]}<\/script>\n<!-- \/ Yoast SEO plugin. -->","yoast_head_json":{"title":"B\u0142\u0119dy turyst\u00f3w w g\u00f3rach, kt\u00f3re mog\u0105 kosztowa\u0107 \u017cycie cz. 1 - ZIMA - Visitzakopane.pl","robots":{"index":"index","follow":"follow","max-snippet":"max-snippet:-1","max-image-preview":"max-image-preview:large","max-video-preview":"max-video-preview:-1"},"canonical":"https:\/\/www.visitzakopane.pl\/blog\/zima-w-zakopanem\/bledy-turystow-w-gorach-ktore-moga-kosztowac-zycie-cz-1-zima\/","og_locale":"pl_PL","og_type":"article","og_title":"B\u0142\u0119dy turyst\u00f3w w g\u00f3rach, kt\u00f3re mog\u0105 kosztowa\u0107 \u017cycie cz. 1 - ZIMA - Visitzakopane.pl","og_description":"Porady ChatGPT, na nogach trampki, a w plecaku nap\u00f3j energetyczny lub co\u015b mocniejszego \u2014 to coraz cz\u0119stsze powody, dla kt\u00f3rych tury\u015bci w Tatrach nara\u017caj\u0105 zim\u0105 zdrowie i \u017cycie. Przewodnicy apeluj\u0105 o rozs\u0105dek i wymieniaj\u0105 najwi\u0119ksze b\u0142\u0119dy turyst\u00f3w, kt\u00f3re nie raz doprowadzi\u0142y do hipotermii i innych niebezpiecznych konsekwencji. Najg\u0142upsze b\u0142\u0119dy turyst\u00f3w w g\u00f3rach zim\u0105 Ratownicy pi\u0119tnuj\u0105 [&hellip;]","og_url":"https:\/\/www.visitzakopane.pl\/blog\/zima-w-zakopanem\/bledy-turystow-w-gorach-ktore-moga-kosztowac-zycie-cz-1-zima\/","og_site_name":"Visitzakopane.pl","article_published_time":"2026-02-27T16:41:48+00:00","article_modified_time":"2026-03-13T16:44:14+00:00","og_image":[{"width":1080,"height":1080,"url":"https:\/\/www.visitzakopane.pl\/blog\/wp-content\/uploads\/2026\/03\/zima-bledy.png","type":"image\/png"}],"author":"Redaktor","twitter_card":"summary_large_image","twitter_misc":{"Napisane przez":"Redaktor","Szacowany czas czytania":"5 minut"},"schema":{"@context":"https:\/\/schema.org","@graph":[{"@type":"Article","@id":"https:\/\/www.visitzakopane.pl\/blog\/zima-w-zakopanem\/bledy-turystow-w-gorach-ktore-moga-kosztowac-zycie-cz-1-zima\/#article","isPartOf":{"@id":"https:\/\/www.visitzakopane.pl\/blog\/zima-w-zakopanem\/bledy-turystow-w-gorach-ktore-moga-kosztowac-zycie-cz-1-zima\/"},"author":{"name":"Redaktor","@id":"https:\/\/www.visitzakopane.pl\/blog\/#\/schema\/person\/55e8d3bfa5de48eb2a37fd3913a9f027"},"headline":"B\u0142\u0119dy turyst\u00f3w w g\u00f3rach, kt\u00f3re mog\u0105 kosztowa\u0107 \u017cycie cz. 1 &#8211; ZIMA","datePublished":"2026-02-27T16:41:48+00:00","dateModified":"2026-03-13T16:44:14+00:00","mainEntityOfPage":{"@id":"https:\/\/www.visitzakopane.pl\/blog\/zima-w-zakopanem\/bledy-turystow-w-gorach-ktore-moga-kosztowac-zycie-cz-1-zima\/"},"wordCount":809,"commentCount":0,"image":{"@id":"https:\/\/www.visitzakopane.pl\/blog\/zima-w-zakopanem\/bledy-turystow-w-gorach-ktore-moga-kosztowac-zycie-cz-1-zima\/#primaryimage"},"thumbnailUrl":"https:\/\/www.visitzakopane.pl\/blog\/wp-content\/uploads\/2026\/03\/zima-bledy.png","articleSection":["Informacje","Zima w Zakopanem"],"inLanguage":"pl-PL","potentialAction":[{"@type":"CommentAction","name":"Comment","target":["https:\/\/www.visitzakopane.pl\/blog\/zima-w-zakopanem\/bledy-turystow-w-gorach-ktore-moga-kosztowac-zycie-cz-1-zima\/#respond"]}]},{"@type":"WebPage","@id":"https:\/\/www.visitzakopane.pl\/blog\/zima-w-zakopanem\/bledy-turystow-w-gorach-ktore-moga-kosztowac-zycie-cz-1-zima\/","url":"https:\/\/www.visitzakopane.pl\/blog\/zima-w-zakopanem\/bledy-turystow-w-gorach-ktore-moga-kosztowac-zycie-cz-1-zima\/","name":"B\u0142\u0119dy turyst\u00f3w w g\u00f3rach, kt\u00f3re mog\u0105 kosztowa\u0107 \u017cycie cz. 1 - ZIMA - Visitzakopane.pl","isPartOf":{"@id":"https:\/\/www.visitzakopane.pl\/blog\/#website"},"primaryImageOfPage":{"@id":"https:\/\/www.visitzakopane.pl\/blog\/zima-w-zakopanem\/bledy-turystow-w-gorach-ktore-moga-kosztowac-zycie-cz-1-zima\/#primaryimage"},"image":{"@id":"https:\/\/www.visitzakopane.pl\/blog\/zima-w-zakopanem\/bledy-turystow-w-gorach-ktore-moga-kosztowac-zycie-cz-1-zima\/#primaryimage"},"thumbnailUrl":"https:\/\/www.visitzakopane.pl\/blog\/wp-content\/uploads\/2026\/03\/zima-bledy.png","datePublished":"2026-02-27T16:41:48+00:00","dateModified":"2026-03-13T16:44:14+00:00","author":{"@id":"https:\/\/www.visitzakopane.pl\/blog\/#\/schema\/person\/55e8d3bfa5de48eb2a37fd3913a9f027"},"breadcrumb":{"@id":"https:\/\/www.visitzakopane.pl\/blog\/zima-w-zakopanem\/bledy-turystow-w-gorach-ktore-moga-kosztowac-zycie-cz-1-zima\/#breadcrumb"},"inLanguage":"pl-PL","potentialAction":[{"@type":"ReadAction","target":["https:\/\/www.visitzakopane.pl\/blog\/zima-w-zakopanem\/bledy-turystow-w-gorach-ktore-moga-kosztowac-zycie-cz-1-zima\/"]}]},{"@type":"ImageObject","inLanguage":"pl-PL","@id":"https:\/\/www.visitzakopane.pl\/blog\/zima-w-zakopanem\/bledy-turystow-w-gorach-ktore-moga-kosztowac-zycie-cz-1-zima\/#primaryimage","url":"https:\/\/www.visitzakopane.pl\/blog\/wp-content\/uploads\/2026\/03\/zima-bledy.png","contentUrl":"https:\/\/www.visitzakopane.pl\/blog\/wp-content\/uploads\/2026\/03\/zima-bledy.png","width":1080,"height":1080},{"@type":"BreadcrumbList","@id":"https:\/\/www.visitzakopane.pl\/blog\/zima-w-zakopanem\/bledy-turystow-w-gorach-ktore-moga-kosztowac-zycie-cz-1-zima\/#breadcrumb","itemListElement":[{"@type":"ListItem","position":1,"name":"Strona g\u0142\u00f3wna","item":"https:\/\/www.visitzakopane.pl\/blog\/"},{"@type":"ListItem","position":2,"name":"B\u0142\u0119dy turyst\u00f3w w g\u00f3rach, kt\u00f3re mog\u0105 kosztowa\u0107 \u017cycie cz. 1 &#8211; ZIMA"}]},{"@type":"WebSite","@id":"https:\/\/www.visitzakopane.pl\/blog\/#website","url":"https:\/\/www.visitzakopane.pl\/blog\/","name":"Visitzakopane.pl","description":"","potentialAction":[{"@type":"SearchAction","target":{"@type":"EntryPoint","urlTemplate":"https:\/\/www.visitzakopane.pl\/blog\/?s={search_term_string}"},"query-input":{"@type":"PropertyValueSpecification","valueRequired":true,"valueName":"search_term_string"}}],"inLanguage":"pl-PL"},{"@type":"Person","@id":"https:\/\/www.visitzakopane.pl\/blog\/#\/schema\/person\/55e8d3bfa5de48eb2a37fd3913a9f027","name":"Redaktor","image":{"@type":"ImageObject","inLanguage":"pl-PL","@id":"https:\/\/secure.gravatar.com\/avatar\/d419e13cffa2bf8c8e3bce3d727c445e27671f005db91dc738a603e3badf9b8c?s=96&d=mm&r=g","url":"https:\/\/secure.gravatar.com\/avatar\/d419e13cffa2bf8c8e3bce3d727c445e27671f005db91dc738a603e3badf9b8c?s=96&d=mm&r=g","contentUrl":"https:\/\/secure.gravatar.com\/avatar\/d419e13cffa2bf8c8e3bce3d727c445e27671f005db91dc738a603e3badf9b8c?s=96&d=mm&r=g","caption":"Redaktor"}}]}},"_links":{"self":[{"href":"https:\/\/www.visitzakopane.pl\/blog\/wp-json\/wp\/v2\/posts\/48902","targetHints":{"allow":["GET"]}}],"collection":[{"href":"https:\/\/www.visitzakopane.pl\/blog\/wp-json\/wp\/v2\/posts"}],"about":[{"href":"https:\/\/www.visitzakopane.pl\/blog\/wp-json\/wp\/v2\/types\/post"}],"author":[{"embeddable":true,"href":"https:\/\/www.visitzakopane.pl\/blog\/wp-json\/wp\/v2\/users\/5"}],"replies":[{"embeddable":true,"href":"https:\/\/www.visitzakopane.pl\/blog\/wp-json\/wp\/v2\/comments?post=48902"}],"version-history":[{"count":1,"href":"https:\/\/www.visitzakopane.pl\/blog\/wp-json\/wp\/v2\/posts\/48902\/revisions"}],"predecessor-version":[{"id":48904,"href":"https:\/\/www.visitzakopane.pl\/blog\/wp-json\/wp\/v2\/posts\/48902\/revisions\/48904"}],"wp:featuredmedia":[{"embeddable":true,"href":"https:\/\/www.visitzakopane.pl\/blog\/wp-json\/wp\/v2\/media\/48903"}],"wp:attachment":[{"href":"https:\/\/www.visitzakopane.pl\/blog\/wp-json\/wp\/v2\/media?parent=48902"}],"wp:term":[{"taxonomy":"category","embeddable":true,"href":"https:\/\/www.visitzakopane.pl\/blog\/wp-json\/wp\/v2\/categories?post=48902"},{"taxonomy":"post_tag","embeddable":true,"href":"https:\/\/www.visitzakopane.pl\/blog\/wp-json\/wp\/v2\/tags?post=48902"}],"curies":[{"name":"wp","href":"https:\/\/api.w.org\/{rel}","templated":true}]}}