{"id":47423,"date":"2024-12-27T15:50:28","date_gmt":"2024-12-27T14:50:28","guid":{"rendered":"https:\/\/www.visitzakopane.pl\/blog\/?p=47423"},"modified":"2024-12-27T15:50:28","modified_gmt":"2024-12-27T14:50:28","slug":"zamkniete-szlaki-w-tatrach-zima-ktore-trasy-omijac-i-gdzie-warto-sie-wybrac","status":"publish","type":"post","link":"https:\/\/www.visitzakopane.pl\/blog\/zima-w-zakopanem\/zamkniete-szlaki-w-tatrach-zima-ktore-trasy-omijac-i-gdzie-warto-sie-wybrac\/","title":{"rendered":"Zamkni\u0119te szlaki w Tatrach zim\u0105. Kt\u00f3re trasy omija\u0107 i gdzie warto si\u0119 wybra\u0107?"},"content":{"rendered":"\n<p><strong>Zimowe Tatry to raj dla mi\u0142o\u015bnik\u00f3w g\u00f3rskich w\u0119dr\u00f3wek przyci\u0105gaj\u0105cy nie tylko spektakularnymi widokami, ale tak\u017ce spokojem, jaki panuje na pokrytych \u015bniegiem szlakach. Jednak ta zimowa magia kryje w sobie tak\u017ce wyzwania. Warunki pogodowe, zalegaj\u0105cy \u015bnieg i oblodzenia sprawiaj\u0105, \u017ce ka\u017cdy krok wymaga wi\u0119kszej ostro\u017cno\u015bci i przygotowania.<\/strong><\/p>\n\n\n\n<p>Dla tych, kt\u00f3rzy planuj\u0105 w\u0119dr\u00f3wki zim\u0105 w polskich Tatrach, wa\u017cne jest poznanie dost\u0119pnych szlak\u00f3w, zrozumienie potencjalnych zagro\u017ce\u0144 oraz korzystanie z aktualnych informacji o bezpiecze\u0144stwie tras. Dzi\u0119ki temu wyprawy w zimowej scenerii mog\u0105 by\u0107 zar\u00f3wno ekscytuj\u0105ce, jak i w pe\u0142ni bezpieczne.<\/p>\n\n\n\n<h2 class=\"wp-block-heading\"><strong>Zimowe w\u0119dr\u00f3wki w Tatrach \u2013 jak wybra\u0107 bezpieczn\u0105 tras\u0119?<\/strong><\/h2>\n\n\n\n<p>Staranny dob\u00f3r trasy to fundament udanej i bezpiecznej wyprawy w Tatry zim\u0105. O tej porze roku wiele popularnych szlak\u00f3w zostaje zamkni\u0119tych, co podyktowane jest zar\u00f3wno wzgl\u0119dami bezpiecze\u0144stwa, jak i konieczno\u015bci\u0105 ochrony przyrody w surowych warunkach zimowych. Szczeg\u00f3lnie niedost\u0119pne staj\u0105 si\u0119 szlaki prowadz\u0105ce przez eksponowane grzbiety czy strome stoki, gdzie ryzyko lawinowe jest najwi\u0119ksze. Dlatego istotne jest, by dok\u0142adnie zaplanowa\u0107 swoj\u0105 tras\u0119, wybiera\u0107 \u0142atwe szlaki i skupi\u0107 si\u0119 na wariantach dostosowanych do warunk\u00f3w w zimie.<\/p>\n\n\n\n<p>Szlaki otwarte zim\u0105 oferuj\u0105 malownicze widoki i mo\u017cliwo\u015b\u0107 do\u015bwiadczenia g\u00f3rskiej magii, jednocze\u015bnie omijaj\u0105c miejsca szczeg\u00f3lnie nara\u017cone na lawiny. Bezpieczne szlaki to:<\/p>\n\n\n\n<ul class=\"wp-block-list\">\n<li><strong>Dolina Ko\u015bcieliska<\/strong> &#8211; jedna z naj\u0142atwiejszych tras, idealna dla os\u00f3b pocz\u0105tkuj\u0105cych lub rodzin z dzie\u0107mi, zielony szlak prowadzi przez malownicz\u0105 dolin\u0119 otoczon\u0105 o\u015bnie\u017conymi lasami i ska\u0142ami, po drodze mo\u017cna odwiedzi\u0107 schronisko na Hali Ornak.<\/li>\n\n\n\n<li><strong>Dolina Chocho\u0142owska<\/strong> &#8211; najd\u0142u\u017csza dolina w polskich Tatrach, kt\u00f3ra zim\u0105 zachwyca spokojem i pi\u0119knymi panoramami, szlak jest \u0142agodny i dost\u0119pny nawet dla mniej do\u015bwiadczonych turyst\u00f3w. Na ko\u0144cu trasy czeka schronisko PTTK na Polanie Chocho\u0142owskiej.<\/li>\n\n\n\n<li><strong>Rusinowa Polana<\/strong> &#8211; doskona\u0142y punkt widokowy na panoram\u0119 Tatr Wysokich i Tatry S\u0142owackie, szlak niebieski prowadzi przez las, a zim\u0105 jest szczeg\u00f3lnie malowniczy, po dotarciu na polan\u0119 mo\u017cna odwiedzi\u0107 Sanktuarium Matki Bo\u017cej Jaworzy\u0144skiej na Wiktor\u00f3wkach.<\/li>\n\n\n\n<li><strong>Dolina G\u0105sienicowa i Hala G\u0105sienicowa <\/strong>&#8211; to jedno z najpopularniejszych miejsc w Tatrach, kt\u00f3re zim\u0105 wygl\u0105da jak z bajki, zielony szlak &#8211; w\u0119dr\u00f3wka przez t\u0119 dolin\u0119 prowadzi do s\u0142ynnego schroniska Murowaniec, kt\u00f3re jest idealnym miejscem na odpoczynek i podziwianie krajobraz\u00f3w.<\/li>\n\n\n\n<li><strong>Morskie Oko<\/strong> &#8211; szlak czerwony w zale\u017cno\u015bci od warunk\u00f3w pogodowych i zaawansowanego stopnia zagro\u017cenia lawinowego, mog\u0105 wyst\u0105pi\u0107 ograniczenia, w szczeg\u00f3lno\u015bci odcinek od W\u0142osienicy do Morskiego Oka staje si\u0119 bardziej wymagaj\u0105cy, zw\u0142aszcza je\u015bli warunki s\u0105 bardzo \u015bliskie lub wyst\u0119puj\u0105 opady \u015bniegu.<\/li>\n\n\n\n<li><strong>Dolina Pi\u0119ciu Staw\u00f3w Polskich<\/strong> &#8211; prowadzi tu szlak zielony, jednak podobnie jak w przypadku innych popularnych tatrza\u0144skich szlak\u00f3w zim\u0105, warto by\u0107 przygotowanym na trudniejsze warunki.<\/li>\n<\/ul>\n\n\n\n<p>Decyduj\u0105c si\u0119 na odpowiednio dobran\u0105 tras\u0119, mo\u017cna w pe\u0142ni cieszy\u0107 si\u0119 zimowym pi\u0119knem g\u00f3r, unikaj\u0105c jednocze\u015bnie odcink\u00f3w wymagaj\u0105cych zaawansowanych umiej\u0119tno\u015bci technicznych.<\/p>\n\n\n\n<h2 class=\"wp-block-heading\"><strong>Zimowe warianty szlak\u00f3w w Tatrach \u2013 bezpieczne trasy dla ka\u017cdego<\/strong><\/h2>\n\n\n\n<p>W sezonie zimowym cz\u0119\u015b\u0107 tatrza\u0144skich szlak\u00f3w zostaje przekszta\u0142cona, aby dostosowa\u0107 je do specyfiki warunk\u00f3w panuj\u0105cych o tej porze roku. Te alternatywne warianty pozwalaj\u0105 turystom unikn\u0105\u0107 szczeg\u00f3lnie ryzykownych odcink\u00f3w, takich jak strome podej\u015bcia czy eksponowane fragmenty tras, kt\u00f3re latem s\u0105 dost\u0119pne, lecz zim\u0105 staj\u0105 si\u0119 potencjalnie niebezpieczne. Przyk\u0142ady takich modyfikacji mo\u017cna znale\u017a\u0107 w rejonie Kasprowego Wierchu czy Doliny G\u0105sienicowej. Tamtejsze \u015bcie\u017cki w wersji zimowej prowadz\u0105 przez \u0142agodniejsze i mniej zagro\u017cone lawinami tereny, umo\u017cliwiaj\u0105c bezpieczne w\u0119dr\u00f3wki w\u015br\u00f3d zimowych pejza\u017cy.<\/p>\n\n\n\n<p>Zimowe warianty szlak\u00f3w to doskona\u0142e rozwi\u0105zanie dla os\u00f3b chc\u0105cych cieszy\u0107 si\u0119 pi\u0119knem Tatr w ch\u0142odniejszych miesi\u0105cach, jednak nawet na tych trasach nale\u017cy zachowa\u0107 szczeg\u00f3ln\u0105 czujno\u015b\u0107. \u015anie\u017cna pokrywa potrafi skutecznie ukrywa\u0107 nier\u00f3wno\u015bci terenu i inne zagro\u017cenia, a zmienne warunki pogodowe mog\u0105 w kr\u00f3tkim czasie zmieni\u0107 charakter szlaku. Dlatego przed ka\u017cd\u0105 wypraw\u0105 warto zaopatrzy\u0107 si\u0119 w odpowiedni sprz\u0119t, taki jak raki czy czekan, i na bie\u017c\u0105co \u015bledzi\u0107 komunikaty dotycz\u0105ce stanu szlak\u00f3w oraz aktualnych zagro\u017ce\u0144. Dzi\u0119ki temu w\u0119dr\u00f3wki b\u0119d\u0105 nie tylko b\u0119d\u0105 obfitowa\u0107 w pi\u0119kne widoki na g\u00f3ry zim\u0105 i o\u015bnie\u017cone szczyty, ale przede wszystkim bezpieczne.<\/p>\n\n\n\n<h2 class=\"wp-block-heading\"><strong>Zima w Tatrach &#8211; zamkni\u0119cia szlak\u00f3w, kt\u00f3re trasy s\u0105 niedost\u0119pne i dlaczego?<\/strong><\/h2>\n\n\n\n<p>Zimowe Tatry zachwycaj\u0105 swoim pi\u0119knem, ale jednocze\u015bnie kryj\u0105 liczne zagro\u017cenia, kt\u00f3re sprawiaj\u0105, \u017ce niekt\u00f3re szlaki s\u0105 sezonowo zamykane. Do takich tras nale\u017c\u0105 np.:<\/p>\n\n\n\n<ul class=\"wp-block-list\">\n<li>podej\u015bcia na Rysy;<\/li>\n\n\n\n<li>wymagaj\u0105ca Orla Per\u0107;<\/li>\n\n\n\n<li>niekt\u00f3re grzbiety w Tatrach Wysokich.<\/li>\n<\/ul>\n\n\n\n<p>Decyzja o zamkni\u0119ciu tych szlak\u00f3w podyktowana jest przede wszystkim trosk\u0105 o bezpiecze\u0144stwo turyst\u00f3w \u2013 wiele z nich przebiega przez tereny wyj\u0105tkowo nara\u017cone na zej\u015bcia lawin, gwa\u0142towne zmiany pogody czy ekstremalne warunki terenowe.<\/p>\n\n\n\n<p>Zanim wyruszysz na w\u0119dr\u00f3wk\u0119, koniecznie sprawd\u017a aktualne informacje o dost\u0119pno\u015bci tras. Tatrza\u0144ski Park Narodowy (TPN) regularnie publikuje listy zamkni\u0119tych szlak\u00f3w na swojej stronie internetowej, dzi\u0119ki czemu mo\u017cna \u0142atwo zaplanowa\u0107 tras\u0119 zgodn\u0105 z zasadami bezpiecze\u0144stwa. Omijanie niedost\u0119pnych tras nie tylko minimalizuje ryzyko wypadk\u00f3w, ale r\u00f3wnie\u017c chroni inne osoby, w tym ratownik\u00f3w g\u00f3rskich, kt\u00f3rzy musieliby interweniowa\u0107 w przypadku nieprzemy\u015blanych decyzji turyst\u00f3w.<\/p>\n\n\n\n<p>Pr\u00f3by przej\u015bcia zamkni\u0119tych zim\u0105 szlak\u00f3w s\u0105 nie tylko nieodpowiedzialne, ale mog\u0105 prowadzi\u0107 do powa\u017cnych konsekwencji. Warto pami\u0119ta\u0107, \u017ce odpowiedzialne zachowanie w g\u00f3rach to klucz do bezpiecznego i udanego wypoczynku, a korzystanie z otwartych, odpowiednio przygotowanych tras pozwala cieszy\u0107 si\u0119 Tatrza\u0144sk\u0105 zim\u0105 w pe\u0142ni, bez zb\u0119dnego ryzyka.<\/p>\n\n\n\n<h2 class=\"wp-block-heading\"><strong>Jak upewni\u0107 si\u0119, \u017ce szlaki g\u00f3rskie s\u0105 bezpieczne?<\/strong><\/h2>\n\n\n\n<p>Przed ka\u017cd\u0105 zimow\u0105 wypraw\u0105 w Tatry kluczowe jest sprawdzenie aktualnego stanu szlak\u00f3w i warunk\u00f3w pogodowych.<\/p>\n\n\n\n<p>Niezwykle cennym \u017ar\u00f3d\u0142em wiedzy s\u0105 raporty Tatrza\u0144skiego Ochotniczego Pogotowia Ratunkowego (TOPR). Ratownicy na bie\u017c\u0105co informuj\u0105 o sytuacji na szlakach, ostrzegaj\u0105c przed potencjalnymi zagro\u017ceniami oraz podpowiadaj\u0105c, jakie \u015brodki ostro\u017cno\u015bci nale\u017cy podj\u0105\u0107. Ich komunikaty mo\u017cna \u015bledzi\u0107 zar\u00f3wno na stronie internetowej TOPR, jak i w mediach spo\u0142eczno\u015bciowych, gdzie cz\u0119sto udost\u0119pniane s\u0105 naj\u015bwie\u017csze ostrze\u017cenia i porady. Bardzo wa\u017cna w tym kontek\u015bcie jest pi\u0119ciostopniowa skala zagro\u017cenia lawinowego.<\/p>\n","protected":false},"excerpt":{"rendered":"<p>Zimowe Tatry to raj dla mi\u0142o\u015bnik\u00f3w g\u00f3rskich w\u0119dr\u00f3wek przyci\u0105gaj\u0105cy nie tylko spektakularnymi widokami, ale tak\u017ce spokojem, jaki panuje na pokrytych \u015bniegiem szlakach. Jednak ta zimowa magia kryje w sobie tak\u017ce wyzwania. Warunki pogodowe, zalegaj\u0105cy \u015bnieg i oblodzenia sprawiaj\u0105, \u017ce ka\u017cdy krok wymaga wi\u0119kszej ostro\u017cno\u015bci i przygotowania. Dla tych, kt\u00f3rzy planuj\u0105 w\u0119dr\u00f3wki zim\u0105 w polskich Tatrach, [&hellip;]<\/p>\n","protected":false},"author":1,"featured_media":47419,"comment_status":"closed","ping_status":"closed","sticky":false,"template":"","format":"standard","meta":{"_et_pb_use_builder":"","_et_pb_old_content":"","_et_gb_content_width":"","inline_featured_image":false,"footnotes":""},"categories":[17,14,10],"tags":[],"class_list":["post-47423","post","type-post","status-publish","format-standard","has-post-thumbnail","hentry","category-szlaki-w-tatrach","category-tatry","category-zima-w-zakopanem"],"yoast_head":"<!-- This site is optimized with the Yoast SEO plugin v27.5 - https:\/\/yoast.com\/product\/yoast-seo-wordpress\/ -->\n<title>Zamkni\u0119te szlaki w Tatrach zim\u0105. Kt\u00f3re trasy omija\u0107 i gdzie warto si\u0119 wybra\u0107? - Visitzakopane.pl<\/title>\n<meta name=\"robots\" content=\"index, follow, max-snippet:-1, max-image-preview:large, max-video-preview:-1\" \/>\n<link rel=\"canonical\" href=\"https:\/\/www.visitzakopane.pl\/blog\/zima-w-zakopanem\/zamkniete-szlaki-w-tatrach-zima-ktore-trasy-omijac-i-gdzie-warto-sie-wybrac\/\" \/>\n<meta property=\"og:locale\" content=\"pl_PL\" \/>\n<meta property=\"og:type\" content=\"article\" \/>\n<meta property=\"og:title\" content=\"Zamkni\u0119te szlaki w Tatrach zim\u0105. Kt\u00f3re trasy omija\u0107 i gdzie warto si\u0119 wybra\u0107? - Visitzakopane.pl\" \/>\n<meta property=\"og:description\" content=\"Zimowe Tatry to raj dla mi\u0142o\u015bnik\u00f3w g\u00f3rskich w\u0119dr\u00f3wek przyci\u0105gaj\u0105cy nie tylko spektakularnymi widokami, ale tak\u017ce spokojem, jaki panuje na pokrytych \u015bniegiem szlakach. Jednak ta zimowa magia kryje w sobie tak\u017ce wyzwania. Warunki pogodowe, zalegaj\u0105cy \u015bnieg i oblodzenia sprawiaj\u0105, \u017ce ka\u017cdy krok wymaga wi\u0119kszej ostro\u017cno\u015bci i przygotowania. Dla tych, kt\u00f3rzy planuj\u0105 w\u0119dr\u00f3wki zim\u0105 w polskich Tatrach, [&hellip;]\" \/>\n<meta property=\"og:url\" content=\"https:\/\/www.visitzakopane.pl\/blog\/zima-w-zakopanem\/zamkniete-szlaki-w-tatrach-zima-ktore-trasy-omijac-i-gdzie-warto-sie-wybrac\/\" \/>\n<meta property=\"og:site_name\" content=\"Visitzakopane.pl\" \/>\n<meta property=\"article:published_time\" content=\"2024-12-27T14:50:28+00:00\" \/>\n<meta property=\"og:image\" content=\"https:\/\/www.visitzakopane.pl\/blog\/wp-content\/uploads\/2025\/01\/tatry-3226568_1280.jpg\" \/>\n\t<meta property=\"og:image:width\" content=\"1280\" \/>\n\t<meta property=\"og:image:height\" content=\"848\" \/>\n\t<meta property=\"og:image:type\" content=\"image\/jpeg\" \/>\n<meta name=\"author\" content=\"maciekmas\" \/>\n<meta name=\"twitter:card\" content=\"summary_large_image\" \/>\n<meta name=\"twitter:label1\" content=\"Napisane przez\" \/>\n\t<meta name=\"twitter:data1\" content=\"maciekmas\" \/>\n\t<meta name=\"twitter:label2\" content=\"Szacowany czas czytania\" \/>\n\t<meta name=\"twitter:data2\" content=\"6 minut\" \/>\n<script type=\"application\/ld+json\" class=\"yoast-schema-graph\">{\"@context\":\"https:\\\/\\\/schema.org\",\"@graph\":[{\"@type\":\"Article\",\"@id\":\"https:\\\/\\\/www.visitzakopane.pl\\\/blog\\\/zima-w-zakopanem\\\/zamkniete-szlaki-w-tatrach-zima-ktore-trasy-omijac-i-gdzie-warto-sie-wybrac\\\/#article\",\"isPartOf\":{\"@id\":\"https:\\\/\\\/www.visitzakopane.pl\\\/blog\\\/zima-w-zakopanem\\\/zamkniete-szlaki-w-tatrach-zima-ktore-trasy-omijac-i-gdzie-warto-sie-wybrac\\\/\"},\"author\":{\"name\":\"maciekmas\",\"@id\":\"https:\\\/\\\/www.visitzakopane.pl\\\/blog\\\/#\\\/schema\\\/person\\\/fe4b8363e6298250dde18488c9f3867a\"},\"headline\":\"Zamkni\u0119te szlaki w Tatrach zim\u0105. Kt\u00f3re trasy omija\u0107 i gdzie warto si\u0119 wybra\u0107?\",\"datePublished\":\"2024-12-27T14:50:28+00:00\",\"mainEntityOfPage\":{\"@id\":\"https:\\\/\\\/www.visitzakopane.pl\\\/blog\\\/zima-w-zakopanem\\\/zamkniete-szlaki-w-tatrach-zima-ktore-trasy-omijac-i-gdzie-warto-sie-wybrac\\\/\"},\"wordCount\":1120,\"image\":{\"@id\":\"https:\\\/\\\/www.visitzakopane.pl\\\/blog\\\/zima-w-zakopanem\\\/zamkniete-szlaki-w-tatrach-zima-ktore-trasy-omijac-i-gdzie-warto-sie-wybrac\\\/#primaryimage\"},\"thumbnailUrl\":\"https:\\\/\\\/www.visitzakopane.pl\\\/blog\\\/wp-content\\\/uploads\\\/2025\\\/01\\\/tatry-3226568_1280.jpg\",\"articleSection\":[\"Szlaki w Tatrach\",\"Tatry\",\"Zima w Zakopanem\"],\"inLanguage\":\"pl-PL\"},{\"@type\":\"WebPage\",\"@id\":\"https:\\\/\\\/www.visitzakopane.pl\\\/blog\\\/zima-w-zakopanem\\\/zamkniete-szlaki-w-tatrach-zima-ktore-trasy-omijac-i-gdzie-warto-sie-wybrac\\\/\",\"url\":\"https:\\\/\\\/www.visitzakopane.pl\\\/blog\\\/zima-w-zakopanem\\\/zamkniete-szlaki-w-tatrach-zima-ktore-trasy-omijac-i-gdzie-warto-sie-wybrac\\\/\",\"name\":\"Zamkni\u0119te szlaki w Tatrach zim\u0105. Kt\u00f3re trasy omija\u0107 i gdzie warto si\u0119 wybra\u0107? - Visitzakopane.pl\",\"isPartOf\":{\"@id\":\"https:\\\/\\\/www.visitzakopane.pl\\\/blog\\\/#website\"},\"primaryImageOfPage\":{\"@id\":\"https:\\\/\\\/www.visitzakopane.pl\\\/blog\\\/zima-w-zakopanem\\\/zamkniete-szlaki-w-tatrach-zima-ktore-trasy-omijac-i-gdzie-warto-sie-wybrac\\\/#primaryimage\"},\"image\":{\"@id\":\"https:\\\/\\\/www.visitzakopane.pl\\\/blog\\\/zima-w-zakopanem\\\/zamkniete-szlaki-w-tatrach-zima-ktore-trasy-omijac-i-gdzie-warto-sie-wybrac\\\/#primaryimage\"},\"thumbnailUrl\":\"https:\\\/\\\/www.visitzakopane.pl\\\/blog\\\/wp-content\\\/uploads\\\/2025\\\/01\\\/tatry-3226568_1280.jpg\",\"datePublished\":\"2024-12-27T14:50:28+00:00\",\"author\":{\"@id\":\"https:\\\/\\\/www.visitzakopane.pl\\\/blog\\\/#\\\/schema\\\/person\\\/fe4b8363e6298250dde18488c9f3867a\"},\"breadcrumb\":{\"@id\":\"https:\\\/\\\/www.visitzakopane.pl\\\/blog\\\/zima-w-zakopanem\\\/zamkniete-szlaki-w-tatrach-zima-ktore-trasy-omijac-i-gdzie-warto-sie-wybrac\\\/#breadcrumb\"},\"inLanguage\":\"pl-PL\",\"potentialAction\":[{\"@type\":\"ReadAction\",\"target\":[\"https:\\\/\\\/www.visitzakopane.pl\\\/blog\\\/zima-w-zakopanem\\\/zamkniete-szlaki-w-tatrach-zima-ktore-trasy-omijac-i-gdzie-warto-sie-wybrac\\\/\"]}]},{\"@type\":\"ImageObject\",\"inLanguage\":\"pl-PL\",\"@id\":\"https:\\\/\\\/www.visitzakopane.pl\\\/blog\\\/zima-w-zakopanem\\\/zamkniete-szlaki-w-tatrach-zima-ktore-trasy-omijac-i-gdzie-warto-sie-wybrac\\\/#primaryimage\",\"url\":\"https:\\\/\\\/www.visitzakopane.pl\\\/blog\\\/wp-content\\\/uploads\\\/2025\\\/01\\\/tatry-3226568_1280.jpg\",\"contentUrl\":\"https:\\\/\\\/www.visitzakopane.pl\\\/blog\\\/wp-content\\\/uploads\\\/2025\\\/01\\\/tatry-3226568_1280.jpg\",\"width\":1280,\"height\":848},{\"@type\":\"BreadcrumbList\",\"@id\":\"https:\\\/\\\/www.visitzakopane.pl\\\/blog\\\/zima-w-zakopanem\\\/zamkniete-szlaki-w-tatrach-zima-ktore-trasy-omijac-i-gdzie-warto-sie-wybrac\\\/#breadcrumb\",\"itemListElement\":[{\"@type\":\"ListItem\",\"position\":1,\"name\":\"Strona g\u0142\u00f3wna\",\"item\":\"https:\\\/\\\/www.visitzakopane.pl\\\/blog\\\/\"},{\"@type\":\"ListItem\",\"position\":2,\"name\":\"Zamkni\u0119te szlaki w Tatrach zim\u0105. Kt\u00f3re trasy omija\u0107 i gdzie warto si\u0119 wybra\u0107?\"}]},{\"@type\":\"WebSite\",\"@id\":\"https:\\\/\\\/www.visitzakopane.pl\\\/blog\\\/#website\",\"url\":\"https:\\\/\\\/www.visitzakopane.pl\\\/blog\\\/\",\"name\":\"Visitzakopane.pl\",\"description\":\"\",\"potentialAction\":[{\"@type\":\"SearchAction\",\"target\":{\"@type\":\"EntryPoint\",\"urlTemplate\":\"https:\\\/\\\/www.visitzakopane.pl\\\/blog\\\/?s={search_term_string}\"},\"query-input\":{\"@type\":\"PropertyValueSpecification\",\"valueRequired\":true,\"valueName\":\"search_term_string\"}}],\"inLanguage\":\"pl-PL\"},{\"@type\":\"Person\",\"@id\":\"https:\\\/\\\/www.visitzakopane.pl\\\/blog\\\/#\\\/schema\\\/person\\\/fe4b8363e6298250dde18488c9f3867a\",\"name\":\"maciekmas\",\"image\":{\"@type\":\"ImageObject\",\"inLanguage\":\"pl-PL\",\"@id\":\"https:\\\/\\\/secure.gravatar.com\\\/avatar\\\/388c6cda7ececdd2aa17d29f61fef166e62ef95cffb5e38c44eea60472607a34?s=96&d=mm&r=g\",\"url\":\"https:\\\/\\\/secure.gravatar.com\\\/avatar\\\/388c6cda7ececdd2aa17d29f61fef166e62ef95cffb5e38c44eea60472607a34?s=96&d=mm&r=g\",\"contentUrl\":\"https:\\\/\\\/secure.gravatar.com\\\/avatar\\\/388c6cda7ececdd2aa17d29f61fef166e62ef95cffb5e38c44eea60472607a34?s=96&d=mm&r=g\",\"caption\":\"maciekmas\"},\"sameAs\":[\"https:\\\/\\\/www.visitzakopane.pl\\\/blog\"]}]}<\/script>\n<!-- \/ Yoast SEO plugin. -->","yoast_head_json":{"title":"Zamkni\u0119te szlaki w Tatrach zim\u0105. Kt\u00f3re trasy omija\u0107 i gdzie warto si\u0119 wybra\u0107? - Visitzakopane.pl","robots":{"index":"index","follow":"follow","max-snippet":"max-snippet:-1","max-image-preview":"max-image-preview:large","max-video-preview":"max-video-preview:-1"},"canonical":"https:\/\/www.visitzakopane.pl\/blog\/zima-w-zakopanem\/zamkniete-szlaki-w-tatrach-zima-ktore-trasy-omijac-i-gdzie-warto-sie-wybrac\/","og_locale":"pl_PL","og_type":"article","og_title":"Zamkni\u0119te szlaki w Tatrach zim\u0105. Kt\u00f3re trasy omija\u0107 i gdzie warto si\u0119 wybra\u0107? - Visitzakopane.pl","og_description":"Zimowe Tatry to raj dla mi\u0142o\u015bnik\u00f3w g\u00f3rskich w\u0119dr\u00f3wek przyci\u0105gaj\u0105cy nie tylko spektakularnymi widokami, ale tak\u017ce spokojem, jaki panuje na pokrytych \u015bniegiem szlakach. Jednak ta zimowa magia kryje w sobie tak\u017ce wyzwania. Warunki pogodowe, zalegaj\u0105cy \u015bnieg i oblodzenia sprawiaj\u0105, \u017ce ka\u017cdy krok wymaga wi\u0119kszej ostro\u017cno\u015bci i przygotowania. Dla tych, kt\u00f3rzy planuj\u0105 w\u0119dr\u00f3wki zim\u0105 w polskich Tatrach, [&hellip;]","og_url":"https:\/\/www.visitzakopane.pl\/blog\/zima-w-zakopanem\/zamkniete-szlaki-w-tatrach-zima-ktore-trasy-omijac-i-gdzie-warto-sie-wybrac\/","og_site_name":"Visitzakopane.pl","article_published_time":"2024-12-27T14:50:28+00:00","og_image":[{"width":1280,"height":848,"url":"https:\/\/www.visitzakopane.pl\/blog\/wp-content\/uploads\/2025\/01\/tatry-3226568_1280.jpg","type":"image\/jpeg"}],"author":"maciekmas","twitter_card":"summary_large_image","twitter_misc":{"Napisane przez":"maciekmas","Szacowany czas czytania":"6 minut"},"schema":{"@context":"https:\/\/schema.org","@graph":[{"@type":"Article","@id":"https:\/\/www.visitzakopane.pl\/blog\/zima-w-zakopanem\/zamkniete-szlaki-w-tatrach-zima-ktore-trasy-omijac-i-gdzie-warto-sie-wybrac\/#article","isPartOf":{"@id":"https:\/\/www.visitzakopane.pl\/blog\/zima-w-zakopanem\/zamkniete-szlaki-w-tatrach-zima-ktore-trasy-omijac-i-gdzie-warto-sie-wybrac\/"},"author":{"name":"maciekmas","@id":"https:\/\/www.visitzakopane.pl\/blog\/#\/schema\/person\/fe4b8363e6298250dde18488c9f3867a"},"headline":"Zamkni\u0119te szlaki w Tatrach zim\u0105. Kt\u00f3re trasy omija\u0107 i gdzie warto si\u0119 wybra\u0107?","datePublished":"2024-12-27T14:50:28+00:00","mainEntityOfPage":{"@id":"https:\/\/www.visitzakopane.pl\/blog\/zima-w-zakopanem\/zamkniete-szlaki-w-tatrach-zima-ktore-trasy-omijac-i-gdzie-warto-sie-wybrac\/"},"wordCount":1120,"image":{"@id":"https:\/\/www.visitzakopane.pl\/blog\/zima-w-zakopanem\/zamkniete-szlaki-w-tatrach-zima-ktore-trasy-omijac-i-gdzie-warto-sie-wybrac\/#primaryimage"},"thumbnailUrl":"https:\/\/www.visitzakopane.pl\/blog\/wp-content\/uploads\/2025\/01\/tatry-3226568_1280.jpg","articleSection":["Szlaki w Tatrach","Tatry","Zima w Zakopanem"],"inLanguage":"pl-PL"},{"@type":"WebPage","@id":"https:\/\/www.visitzakopane.pl\/blog\/zima-w-zakopanem\/zamkniete-szlaki-w-tatrach-zima-ktore-trasy-omijac-i-gdzie-warto-sie-wybrac\/","url":"https:\/\/www.visitzakopane.pl\/blog\/zima-w-zakopanem\/zamkniete-szlaki-w-tatrach-zima-ktore-trasy-omijac-i-gdzie-warto-sie-wybrac\/","name":"Zamkni\u0119te szlaki w Tatrach zim\u0105. Kt\u00f3re trasy omija\u0107 i gdzie warto si\u0119 wybra\u0107? - Visitzakopane.pl","isPartOf":{"@id":"https:\/\/www.visitzakopane.pl\/blog\/#website"},"primaryImageOfPage":{"@id":"https:\/\/www.visitzakopane.pl\/blog\/zima-w-zakopanem\/zamkniete-szlaki-w-tatrach-zima-ktore-trasy-omijac-i-gdzie-warto-sie-wybrac\/#primaryimage"},"image":{"@id":"https:\/\/www.visitzakopane.pl\/blog\/zima-w-zakopanem\/zamkniete-szlaki-w-tatrach-zima-ktore-trasy-omijac-i-gdzie-warto-sie-wybrac\/#primaryimage"},"thumbnailUrl":"https:\/\/www.visitzakopane.pl\/blog\/wp-content\/uploads\/2025\/01\/tatry-3226568_1280.jpg","datePublished":"2024-12-27T14:50:28+00:00","author":{"@id":"https:\/\/www.visitzakopane.pl\/blog\/#\/schema\/person\/fe4b8363e6298250dde18488c9f3867a"},"breadcrumb":{"@id":"https:\/\/www.visitzakopane.pl\/blog\/zima-w-zakopanem\/zamkniete-szlaki-w-tatrach-zima-ktore-trasy-omijac-i-gdzie-warto-sie-wybrac\/#breadcrumb"},"inLanguage":"pl-PL","potentialAction":[{"@type":"ReadAction","target":["https:\/\/www.visitzakopane.pl\/blog\/zima-w-zakopanem\/zamkniete-szlaki-w-tatrach-zima-ktore-trasy-omijac-i-gdzie-warto-sie-wybrac\/"]}]},{"@type":"ImageObject","inLanguage":"pl-PL","@id":"https:\/\/www.visitzakopane.pl\/blog\/zima-w-zakopanem\/zamkniete-szlaki-w-tatrach-zima-ktore-trasy-omijac-i-gdzie-warto-sie-wybrac\/#primaryimage","url":"https:\/\/www.visitzakopane.pl\/blog\/wp-content\/uploads\/2025\/01\/tatry-3226568_1280.jpg","contentUrl":"https:\/\/www.visitzakopane.pl\/blog\/wp-content\/uploads\/2025\/01\/tatry-3226568_1280.jpg","width":1280,"height":848},{"@type":"BreadcrumbList","@id":"https:\/\/www.visitzakopane.pl\/blog\/zima-w-zakopanem\/zamkniete-szlaki-w-tatrach-zima-ktore-trasy-omijac-i-gdzie-warto-sie-wybrac\/#breadcrumb","itemListElement":[{"@type":"ListItem","position":1,"name":"Strona g\u0142\u00f3wna","item":"https:\/\/www.visitzakopane.pl\/blog\/"},{"@type":"ListItem","position":2,"name":"Zamkni\u0119te szlaki w Tatrach zim\u0105. Kt\u00f3re trasy omija\u0107 i gdzie warto si\u0119 wybra\u0107?"}]},{"@type":"WebSite","@id":"https:\/\/www.visitzakopane.pl\/blog\/#website","url":"https:\/\/www.visitzakopane.pl\/blog\/","name":"Visitzakopane.pl","description":"","potentialAction":[{"@type":"SearchAction","target":{"@type":"EntryPoint","urlTemplate":"https:\/\/www.visitzakopane.pl\/blog\/?s={search_term_string}"},"query-input":{"@type":"PropertyValueSpecification","valueRequired":true,"valueName":"search_term_string"}}],"inLanguage":"pl-PL"},{"@type":"Person","@id":"https:\/\/www.visitzakopane.pl\/blog\/#\/schema\/person\/fe4b8363e6298250dde18488c9f3867a","name":"maciekmas","image":{"@type":"ImageObject","inLanguage":"pl-PL","@id":"https:\/\/secure.gravatar.com\/avatar\/388c6cda7ececdd2aa17d29f61fef166e62ef95cffb5e38c44eea60472607a34?s=96&d=mm&r=g","url":"https:\/\/secure.gravatar.com\/avatar\/388c6cda7ececdd2aa17d29f61fef166e62ef95cffb5e38c44eea60472607a34?s=96&d=mm&r=g","contentUrl":"https:\/\/secure.gravatar.com\/avatar\/388c6cda7ececdd2aa17d29f61fef166e62ef95cffb5e38c44eea60472607a34?s=96&d=mm&r=g","caption":"maciekmas"},"sameAs":["https:\/\/www.visitzakopane.pl\/blog"]}]}},"_links":{"self":[{"href":"https:\/\/www.visitzakopane.pl\/blog\/wp-json\/wp\/v2\/posts\/47423","targetHints":{"allow":["GET"]}}],"collection":[{"href":"https:\/\/www.visitzakopane.pl\/blog\/wp-json\/wp\/v2\/posts"}],"about":[{"href":"https:\/\/www.visitzakopane.pl\/blog\/wp-json\/wp\/v2\/types\/post"}],"author":[{"embeddable":true,"href":"https:\/\/www.visitzakopane.pl\/blog\/wp-json\/wp\/v2\/users\/1"}],"replies":[{"embeddable":true,"href":"https:\/\/www.visitzakopane.pl\/blog\/wp-json\/wp\/v2\/comments?post=47423"}],"version-history":[{"count":0,"href":"https:\/\/www.visitzakopane.pl\/blog\/wp-json\/wp\/v2\/posts\/47423\/revisions"}],"wp:featuredmedia":[{"embeddable":true,"href":"https:\/\/www.visitzakopane.pl\/blog\/wp-json\/wp\/v2\/media\/47419"}],"wp:attachment":[{"href":"https:\/\/www.visitzakopane.pl\/blog\/wp-json\/wp\/v2\/media?parent=47423"}],"wp:term":[{"taxonomy":"category","embeddable":true,"href":"https:\/\/www.visitzakopane.pl\/blog\/wp-json\/wp\/v2\/categories?post=47423"},{"taxonomy":"post_tag","embeddable":true,"href":"https:\/\/www.visitzakopane.pl\/blog\/wp-json\/wp\/v2\/tags?post=47423"}],"curies":[{"name":"wp","href":"https:\/\/api.w.org\/{rel}","templated":true}]}}