{"id":47087,"date":"2025-11-03T10:03:03","date_gmt":"2025-11-03T09:03:03","guid":{"rendered":"https:\/\/www.visitzakopane.pl\/blog\/?p=47087"},"modified":"2025-12-08T14:56:44","modified_gmt":"2025-12-08T13:56:44","slug":"najwyzsze-szczyty-w-tatrach-poznaj-je-wszystkie","status":"publish","type":"post","link":"https:\/\/www.visitzakopane.pl\/blog\/szlaki-w-tatrach\/najwyzsze-szczyty-w-tatrach-poznaj-je-wszystkie\/","title":{"rendered":"Najwy\u017csze szczyty w Tatrach \u2014 poznaj je wszystkie!"},"content":{"rendered":"\r\n<p><strong>To mo\u017ce rozczarowa\u0107, ale najwy\u017cszy szczyt w Tatrach, jak i ca\u0142a Korona Tatr, znajduje si\u0119&#8230; na S\u0142owacji. Ale bez obaw, bo poni\u017cej opiszemy zar\u00f3wno s\u0142owackie, jak i polskie tatrza\u0144skie szczyty, kt\u00f3re trzeba zobaczy\u0107 osobi\u015bcie.<\/strong><\/p>\r\n\r\n\r\n\r\n<h2 class=\"wp-block-heading\">Wielka Korona Tatrza\u0144skich szczyt\u00f3w<\/h2>\r\n\r\n\r\n\r\n<p>Wielka Korona Tatr to nazwa powsta\u0142a w ostatnich latach. Zalicza si\u0119 do niej 14 g\u00f3r znajduj\u0105cych si\u0119 na g\u0142\u00f3wnej grani Tatr po s\u0142owackiej stronie. Najwy\u017cszy z nich to <strong>Gerlach (2655 m n.p.m.)<\/strong>, drugi najwy\u017cszy szczyt to<strong> \u0141omnica,<\/strong> a list\u0119 zamyka <strong>Po\u015brednia Gra\u0144 (2439 m n.p.m)<\/strong>. S\u0105 w\u015br\u00f3d nich tak\u017ce Rysy.<\/p>\r\n\r\n\r\n\r\n<p><strong>Uwaga! <\/strong>Jeszcze pod koniec 2023 r. aby wej\u015b\u0107 na Gerlach oficjalnie uznawanymi drogami, trzeba by\u0142o wynaj\u0105\u0107 przewodnika. Ten wym\u00f3g zniesiono dopiero 15 grudnia 2023 r. i teraz najwy\u017cszy szczyt w Tatrach mo\u017cna zdoby\u0107 w pojedynk\u0119.<\/p>\r\n\r\n\r\n\r\n<p>Szczeg\u00f3lnie polecamy drog\u0119 przez Tatry Wysokie na<strong> Lodowy Szczyt<\/strong>. Biegnie ona Czarn\u0105 Dolin\u0105 Jaworow\u0105. Nic nie ujmuj\u0105c polskim g\u00f3rom, to pejza\u017ce jak z &#8222;W\u0142adcy Pier\u015bcieni&#8221;. Podej\u015bcie na wierch jest jednak bardzo trudne i prowadzi momentami po stromej grani Tatr. Zreszt\u0105 wej\u015bcie na inne najwy\u017csze szczyty Tatr Wysokich (<strong>Smoczy Szczyt, Starole\u015bny Szczyt, Lawinowy Szczyt<\/strong>) to wymagaj\u0105ca wspinaczka pod g\u00f3r\u0119 podobna do wra\u017ce\u0144 ze \u015bcianki wspinaczkowej. Tatry Polskie s\u0105 pod tym wzgl\u0119dem zdecydowanie bardziej \u0142askawe (cho\u0107 s\u0105 wyj\u0105tki, np<strong>. szczyt \u015awidnicy<\/strong>, na kt\u00f3rym zgin\u0119\u0142o 30 os\u00f3b).<\/p>\r\n\r\n\r\n\r\n<p><strong>Czy wiesz, \u017ce&#8230; <\/strong>Wi\u0119ksza cz\u0119\u015b\u0107 Rys znajduje si\u0119 po stronie s\u0142owackiej Tatr. Jest tam szczyt nieco wy\u017cszy ni\u017c znane nam w Polsce zwyczajowe 2499 m n.p.m. Ca\u0142e Rysy s\u0105 17. na li\u015bcie Wielkiej Korony Europy, kt\u00f3r\u0105 otwiera Mont Blanc. W teorii osoba o dobrej kondycji i przy odpowiedniej pogodzie powinna dotrze\u0107 ze schroniska nad Morskim Okiem na szczyt Rys w 4 h. Prowadzi tam znakowany szlak turystyczny (czerwony).<\/p>\r\n<h2>Najwy\u017csze szczyty w Tatrach (TOP 10)<\/h2>\r\n<table style=\"width: 52.7952%;\">\r\n<thead>\r\n<tr>\r\n<th style=\"width: 54px;\">Miejsce<\/th>\r\n<th style=\"width: 237px;\">Szczyt (polska\/slowacka nazwa)<\/th>\r\n<th style=\"width: 144px;\">Wysoko\u015b\u0107 (m n.p.m.)<\/th>\r\n<th style=\"width: 165px;\">Kraj \/ lokalizacja<\/th>\r\n<\/tr>\r\n<\/thead>\r\n<tbody>\r\n<tr>\r\n<td style=\"width: 54px;\"><strong>1<\/strong><\/td>\r\n<td style=\"width: 237px;\"><strong>Gerlach (Gerlachovsk\u00fd\u00a0\u0161t\u00edt)<\/strong><\/td>\r\n<td style=\"width: 144px;\"><strong>2655<\/strong><\/td>\r\n<td style=\"width: 165px;\">S\u0142owacja, Tatry\u00a0Wysokie<\/td>\r\n<\/tr>\r\n<tr>\r\n<td style=\"width: 54px;\"><strong>2<\/strong><\/td>\r\n<td style=\"width: 237px;\"><strong>\u0141omnica (Lomnick\u00fd\u00a0\u0161t\u00edt)<\/strong><\/td>\r\n<td style=\"width: 144px;\"><strong>2634<\/strong><\/td>\r\n<td style=\"width: 165px;\">S\u0142owacja<\/td>\r\n<\/tr>\r\n<tr>\r\n<td style=\"width: 54px;\"><strong>3<\/strong><\/td>\r\n<td style=\"width: 237px;\"><strong>Lodowy\u00a0Szczyt (\u013dadov\u00fd\u00a0\u0161t\u00edt)<\/strong><\/td>\r\n<td style=\"width: 144px;\"><strong>2627<\/strong><\/td>\r\n<td style=\"width: 165px;\">S\u0142owacja<\/td>\r\n<\/tr>\r\n<tr>\r\n<td style=\"width: 54px;\"><strong>4<\/strong><\/td>\r\n<td style=\"width: 237px;\"><strong>Durny\u00a0Szczyt (Py\u0161n\u00fd\u00a0\u0161t\u00edt)<\/strong><\/td>\r\n<td style=\"width: 144px;\"><strong>2622<\/strong><\/td>\r\n<td style=\"width: 165px;\">S\u0142owacja<\/td>\r\n<\/tr>\r\n<tr>\r\n<td style=\"width: 54px;\"><strong>5<\/strong><\/td>\r\n<td style=\"width: 237px;\"><strong>Wysoka (Vysok\u00e1)<\/strong><\/td>\r\n<td style=\"width: 144px;\"><strong>2559<\/strong><\/td>\r\n<td style=\"width: 165px;\">S\u0142owacja<\/td>\r\n<\/tr>\r\n<tr>\r\n<td style=\"width: 54px;\"><strong>6<\/strong><\/td>\r\n<td style=\"width: 237px;\"><strong>Kie\u017cmarski\u00a0Szczyt (Ke\u017emarsk\u00fd\u00a0\u0161t\u00edt)<\/strong><\/td>\r\n<td style=\"width: 144px;\"><strong>2558<\/strong><\/td>\r\n<td style=\"width: 165px;\">S\u0142owacja<\/td>\r\n<\/tr>\r\n<tr>\r\n<td style=\"width: 54px;\"><strong>7<\/strong><\/td>\r\n<td style=\"width: 237px;\"><strong>Ko\u0144czysta (Kon\u010dist\u00e1)<\/strong><\/td>\r\n<td style=\"width: 144px;\"><strong>2537<\/strong><\/td>\r\n<td style=\"width: 165px;\">S\u0142owacja<\/td>\r\n<\/tr>\r\n<tr>\r\n<td style=\"width: 54px;\"><strong>8<\/strong><\/td>\r\n<td style=\"width: 237px;\"><strong>Baranie\u00a0Rogi (Baranie\u00a0rohy)<\/strong><\/td>\r\n<td style=\"width: 144px;\"><strong>2526<\/strong><\/td>\r\n<td style=\"width: 165px;\">S\u0142owacja<\/td>\r\n<\/tr>\r\n<tr>\r\n<td style=\"width: 54px;\"><strong>9<\/strong><\/td>\r\n<td style=\"width: 237px;\"><strong>Rysy (g\u0142\u00f3wny wierzcho\u0142ek)<\/strong><\/td>\r\n<td style=\"width: 144px;\"><strong>2501<\/strong><\/td>\r\n<td style=\"width: 165px;\">S\u0142owacja\/Polska (granica)<\/td>\r\n<\/tr>\r\n<tr>\r\n<td style=\"width: 54px;\"><strong>10<\/strong><\/td>\r\n<td style=\"width: 237px;\"><strong>Krywa\u0144 (Kriv\u00e1\u0148)<\/strong><\/td>\r\n<td style=\"width: 144px;\"><strong>2495<\/strong><\/td>\r\n<td style=\"width: 165px;\">S\u0142owacja<\/td>\r\n<\/tr>\r\n<\/tbody>\r\n<\/table>\r\n<p>Tylko wierzcho\u0142ek p\u00f3\u0142nocno\u2011zachodni Rys\u00f3w (2499 m) znajduje si\u0119 na terenie Polski. Pozosta\u0142e szczyty z listy nale\u017c\u0105 w ca\u0142o\u015bci do S\u0142owacji.<\/p>\r\n<h2>Najwy\u017csze szczyty w polskich Tatrach (TOP 10)<\/h2>\r\n<table style=\"width: 98.9909%;\">\r\n<thead>\r\n<tr>\r\n<th style=\"width: 54px;\">Miejsce<\/th>\r\n<th style=\"width: 258px;\">Szczyt<\/th>\r\n<th style=\"width: 137px;\">Wysoko\u015b\u0107 (m n.p.m.)<\/th>\r\n<th style=\"width: 676px;\">Po\u0142o\u017cenie<\/th>\r\n<\/tr>\r\n<\/thead>\r\n<tbody>\r\n<tr>\r\n<td style=\"width: 54px;\"><strong>1<\/strong><\/td>\r\n<td style=\"width: 258px;\"><strong>Rysy (p\u00f3\u0142nocno\u2011zachodni wierzcho\u0142ek)<\/strong><\/td>\r\n<td style=\"width: 137px;\"><strong>2499<\/strong><\/td>\r\n<td style=\"width: 676px;\">najwy\u017cszy punkt Polski; znakowany szlak z Morskiego\u00a0Oka, czas podej\u015bcia\u00a0~4\u00a0h.<\/td>\r\n<\/tr>\r\n<tr>\r\n<td style=\"width: 54px;\"><strong>2<\/strong><\/td>\r\n<td style=\"width: 258px;\"><strong>Mi\u0119guszowiecki\u00a0Szczyt\u00a0Wielki<\/strong><\/td>\r\n<td style=\"width: 137px;\"><strong>2439<\/strong><\/td>\r\n<td style=\"width: 676px;\">drugi najwy\u017cszy szczyt po polskiej stronie; brak znakowanego szlaku, popularny w\u015br\u00f3d taternik\u00f3w.<\/td>\r\n<\/tr>\r\n<tr>\r\n<td style=\"width: 54px;\"><strong>3<\/strong><\/td>\r\n<td style=\"width: 258px;\"><strong>Ni\u017cnie\u00a0Rysy<\/strong><\/td>\r\n<td style=\"width: 137px;\"><strong>2430<\/strong><\/td>\r\n<td style=\"width: 676px;\">boczny wierzcho\u0142ek Rys\u00f3w; na li\u015bcie najwy\u017cszych polskich g\u00f3r.<\/td>\r\n<\/tr>\r\n<tr>\r\n<td style=\"width: 54px;\"><strong>4<\/strong><\/td>\r\n<td style=\"width: 258px;\"><strong>Mi\u0119guszowiecka\u00a0Baszta<\/strong><\/td>\r\n<td style=\"width: 137px;\"><strong>2410<\/strong><\/td>\r\n<td style=\"width: 676px;\">turnia w masywie Mi\u0119guszowieckiego; 8.\u00a0najwy\u017cszy szczyt w Polsce.<\/td>\r\n<\/tr>\r\n<tr>\r\n<td style=\"width: 54px;\"><strong>5<\/strong><\/td>\r\n<td style=\"width: 258px;\"><strong>Mi\u0119guszowiecki\u00a0Szczyt\u00a0Czarny<\/strong><\/td>\r\n<td style=\"width: 137px;\"><strong>2405<\/strong><\/td>\r\n<td style=\"width: 676px;\">element grupy Mi\u0119guszowieckich; zalecany jako pierwsza powa\u017cniejsza g\u00f3rska wyrypa dla do\u015bwiadczonych turyst\u00f3w.<\/td>\r\n<\/tr>\r\n<tr>\r\n<td style=\"width: 54px;\"><strong>6<\/strong><\/td>\r\n<td style=\"width: 258px;\"><strong>Mi\u0119guszowiecki\u00a0Szczyt\u00a0Po\u015bredni<\/strong><\/td>\r\n<td style=\"width: 137px;\"><strong>2389<\/strong><\/td>\r\n<td style=\"width: 676px;\">\u0142\u0105czy masyw Wielki z Czarnym; wymaga kwalifikacji wspinaczkowych.<\/td>\r\n<\/tr>\r\n<tr>\r\n<td style=\"width: 54px;\"><strong>7<\/strong><\/td>\r\n<td style=\"width: 258px;\"><strong>Cubryna<\/strong><\/td>\r\n<td style=\"width: 137px;\"><strong>2376<\/strong><\/td>\r\n<td style=\"width: 676px;\">imponuj\u0105cy szczyt nad Morskim Okiem; brak znakowanego szlaku, kilka wariant\u00f3w wspinaczkowych.<\/td>\r\n<\/tr>\r\n<tr>\r\n<td style=\"width: 54px;\"><strong>8<\/strong><\/td>\r\n<td style=\"width: 258px;\"><strong>Wo\u0142owa\u00a0Turnia<\/strong><\/td>\r\n<td style=\"width: 137px;\"><strong>2373<\/strong><\/td>\r\n<td style=\"width: 676px;\">turnia w Wo\u0142owym\u00a0Grzbiecie na granicy polsko\u2011s\u0142owackiej.<\/td>\r\n<\/tr>\r\n<tr>\r\n<td style=\"width: 54px;\"><strong>9<\/strong><\/td>\r\n<td style=\"width: 258px;\"><strong>Hi\u0144czowa\u00a0Turnia<\/strong><\/td>\r\n<td style=\"width: 137px;\"><strong>2372<\/strong><\/td>\r\n<td style=\"width: 676px;\">gra\u0144 ograniczaj\u0105ca Dolin\u0119\u00a0Rybiego\u00a0Potoku; dost\u0119p bez znakowanych szlak\u00f3w.<\/td>\r\n<\/tr>\r\n<tr>\r\n<td style=\"width: 54px;\"><strong>10<\/strong><\/td>\r\n<td style=\"width: 258px;\"><strong>Rogata\u00a0Turniczka (Rogata\u00a0turnia)<\/strong><\/td>\r\n<td style=\"width: 137px;\"><strong>2368<\/strong><\/td>\r\n<td style=\"width: 676px;\">jedna z kulminacji Wo\u0142owego Grzbietu<\/td>\r\n<\/tr>\r\n<\/tbody>\r\n<\/table>\r\n<h2 data-start=\"7827\" data-end=\"7871\">Najtrudniejsze szlaki w polskich Tatrach<\/h2>\r\n\r\n\r\n\r\n<p>Za najtrudniejsz\u0105 tras\u0119 w polskich Tatrach uwa\u017ca si\u0119 wej\u015bcie na <strong>Orl\u0105 Per\u0107<\/strong>. To zdecydowanie wspinaczka o charakterze alpejskim po bocznej grani Tatr Wysokich. Trzeba przy tym porusza\u0107 si\u0119 przy linie i to w du\u017cej cz\u0119\u015bci przy stromych przepa\u015bciach, a w dole niejednokrotnie jest widok na kilkutysi\u0119czny spadek stromym zboczem. Za r\u00f3wnie ci\u0119\u017cki szczyt uznawane jest wej\u015bcie na Gerlach po s\u0142owackiej stronie, z tym \u017ce tam nie prowadzi znakowany szlak turystyczny. To pot\u0119guje wra\u017cenie, jakie daj\u0105 te dzikie, nieprzyst\u0119pne g\u00f3ry o charakterze alpejskim.<\/p>\r\n<p>Opr\u00f3cz Orlej\u00a0Perci do najtrudniejszych znakowanych tras<strong> nale\u017c\u0105 zej\u015bcie z Zawratu na Rysy oraz przej\u015bcie przez Czerwone\u00a0Wierchy z zej\u015bciem na Giewont<\/strong>. Orla\u00a0Per\u0107, poprowadzona ostr\u0105 grani\u0105, uchodzi jednak za najtrudniejszy szlak turystyczny w Polsce \u2013 na 4,5\u2011kilometrowym odcinku zamontowano setki metr\u00f3w \u0142a\u0144cuch\u00f3w i klamr, a statystyki wskazuj\u0105 ponad 112\u00a0ofiar \u015bmiertelnych od pocz\u0105tku istnienia tego szlaku<\/p>\r\n<h3 data-start=\"7088\" data-end=\"7132\">Jak bezpiecznie planowa\u0107 wyj\u015bcia w Tatry?<\/h3>\r\n<p data-start=\"7133\" data-end=\"7255\">Podczas planowania wyprawy w Tatry warto pami\u0119ta\u0107 o kilku zasadach. Po pierwsze, <strong>sprawdzaj prognoz\u0119 pogody<\/strong> \u2013 nag\u0142e za\u0142amanie warunk\u00f3w bywa przyczyn\u0105 wypadk\u00f3w na takich szczytach jak \u015awinica czy Orla Per\u0107.\u00a0Po drugie, wybieraj trasy dostosowane do swoich umiej\u0119tno\u015bci i kondycji; wysokog\u00f3rskie szlaki, m.in. Rysy czy Mi\u0119guszowiecki\u00a0Szczyt\u00a0Wielki, wymagaj\u0105 dobrej kondycji i obycia z ekspozycj\u0105. Wreszcie pami\u0119taj o wyposa\u017ceniu (kask, lina, raki) i <strong>zg\u0142aszaniu wyj\u015bcia w ksi\u0119dze TPN, je\u015bli poruszasz si\u0119 poza wyznaczonymi szlakami.<\/strong><\/p>\r\n\r\n\r\n\r\n<h2 class=\"wp-block-heading\">Wielka Korona Tatr to nie wszystko \u2014 poznaj inne szczyty!<\/h2>\r\n\r\n\r\n\r\n<p>Klasyfikacja przyj\u0119ta do okre\u015blania, jakie s\u0105 najwy\u017csze szczyty Tatr, wzbudza kontrowersje. Chodzi m.in. o technikalia dotycz\u0105ce minimalnej wysoko\u015bci szczytu nad prze\u0142\u0119cz\u0105 itp. W zwi\u0105zku z tym ranking nie obejmuje niekt\u00f3rych r\u00f3wnie wysokich g\u00f3r, kt\u00f3re w zwi\u0105zku z tym s\u0105 mniej oblegane przez turyst\u00f3w. Takie mniej znane najwy\u017csze szczyty w Tatrach wysokich to:<\/p>\r\n\r\n\r\n\r\n<ul class=\"wp-block-list\">\r\n<li><strong>Zadni Gerlach &#8211; 2616 m n.p.m.<\/strong><\/li>\r\n\r\n\r\n\r\n<li><strong>Wielki Szczyt Wide\u0142 &#8211; 2522 m n.p.m.<\/strong><\/li>\r\n\r\n\r\n\r\n<li><strong>Ma\u0142y Kie\u017cmarski szczyt &#8211; 2514 m n.p.m.<\/strong><\/li>\r\n\r\n\r\n\r\n<li><strong>Lodowa Kopa &#8211; 2603 m n.p.m.<\/strong><\/li>\r\n\r\n\r\n\r\n<li><strong>Ma\u0142y Durny Szczyt &#8211; 2590 m n.p.m.<\/strong><\/li>\r\n\r\n\r\n\r\n<li><strong>Mi\u0119guszowiecki Szczyt &#8211; 2439 m n.p.m.<\/strong><\/li>\r\n<\/ul>\r\n\r\n\r\n\r\n<p>W ostatnich latach niekt\u00f3re dawne pomiary powt\u00f3rzono, koryguj\u0105c wysoko\u015bci. I tak okaza\u0142o si\u0119 np., \u017ce Mi\u0119guszowiecki Szczyt w Tatrach ma 2439, a nie 2438\u00a0m, a wi\u0119c teoretycznie pasowa\u0142by do Wielkiej Korony Tatr.<\/p>\r\n\r\n\r\n\r\n<h2 class=\"wp-block-heading\">Inne tatrza\u0144skie szczyty powy\u017cej 2376 m n.p.m.<\/h2>\r\n\r\n\r\n\r\n<p>Mi\u0119guszowiecki Szczyt to nie jedna g\u00f3ra, lecz pasmo g\u00f3rskie, na kt\u00f3re sk\u0142ada si\u0119 r\u00f3wnie\u017c <strong>Mi\u0119guszowiecki Szczyt Ni\u017cny i Czarny<\/strong> o tylko symbolicznie ni\u017cszej wysoko\u015bci. Szczeg\u00f3lnie ten drugi polecany jest jako wyzwanie dla pocz\u0105tkuj\u0105cych taternik\u00f3w. W jego stron\u0119 nie prowadz\u0105 szlaki turystyczne i trzeba wykaza\u0107 si\u0119 kreatywno\u015bci\u0105, by zdoby\u0107 ten drugorz\u0119dny szczyt w Tatrach. Ka\u017cdy powinien zg\u0142osi\u0107 przepraw\u0119 w ksi\u0119dze wyj\u015b\u0107 TPN, o ile zamierza skorzysta\u0107 z trudnej trasy po polskiej stronie g\u00f3r. G\u00f3ra le\u017cy na granicy polsko-s\u0142owackiej i \u0142atwiejsza droga jest ju\u017c po po\u0142udniowej stronie na S\u0142owacji, a zg\u0142asza\u0107 jej nie trzeba.<\/p>\r\n\r\n\r\n\r\n<p>Podobna lokalizacyjnie jest<strong> Cubryna (2376 m nad poziomem morza)<\/strong>. Ten \u015bnie\u017cny szczyt r\u00f3wnie\u017c nie jest oznakowany i stanowi gratk\u0119 dla os\u00f3b, kt\u00f3re chc\u0105 si\u0119 sprawdzi\u0107. Sposob\u00f3w na wej\u015bcie jest du\u017co, od \u0142atwej, cho\u0107 wielogodzinnej w\u0119dr\u00f3wki, po wspinanie si\u0119 z czekanem i linami pod strom\u0105 g\u00f3r\u0119. Start wycieczki r\u00f3wnie\u017c odbywa si\u0119 z okolic Morskiego Oka.<\/p>\r\n\r\n\r\n\r\n<h2 class=\"wp-block-heading\">Czy Kasprowy Wierch jest w\u015br\u00f3d najwy\u017cszych szczyt\u00f3w w Tatrach?<\/h2>\r\n\r\n\r\n\r\n<p>Na koniec pozostaje jeszcze obali\u0107 popularny mit: <strong>Kasprowy Wierch nie jest jednym z wy\u017cszych szczyt\u00f3w Tatr Zachodnich, bo ma nieca\u0142e 2000 m n.p.m. <\/strong>Sk\u0105d wi\u0119c jego olbrzymia popularno\u015b\u0107? Po pierwsze \u2014 lokalizacja nieomal w Zakopanem w jednej z najbardziej malowniczych okolic Podhala. Po drugie, na szczyt prowadzi kolejka, co znacznie u\u0142atwia zorganizowanie wycieczki nawet z dzie\u0107mi. Wreszcie po trzecie, na szczycie znajduje si\u0119 obserwatorium meteorologiczne i restauracja, czego zdecydowanie nie da si\u0119 powiedzie\u0107 o pozosta\u0142ych &#8222;dzikich&#8221; szczytach wymienionych w artykule. A czy lepiej w trudach zdoby\u0107 jeden z najwy\u017cszych szczyt\u00f3w Tatr, czy podjecha\u0107 kolejk\u0105 na mniej wymagaj\u0105ce wzniesienie? To ju\u017c pozostawiamy Waszej decyzji.<\/p>\r\n","protected":false},"excerpt":{"rendered":"<p>To mo\u017ce rozczarowa\u0107, ale najwy\u017cszy szczyt w Tatrach, jak i ca\u0142a Korona Tatr, znajduje si\u0119&#8230; na S\u0142owacji. Ale bez obaw, bo poni\u017cej opiszemy zar\u00f3wno s\u0142owackie, jak i polskie tatrza\u0144skie szczyty, kt\u00f3re trzeba zobaczy\u0107 osobi\u015bcie. Wielka Korona Tatrza\u0144skich szczyt\u00f3w Wielka Korona Tatr to nazwa powsta\u0142a w ostatnich latach. Zalicza si\u0119 do niej 14 g\u00f3r znajduj\u0105cych si\u0119 [&hellip;]<\/p>\n","protected":false},"author":1,"featured_media":47088,"comment_status":"closed","ping_status":"closed","sticky":false,"template":"","format":"standard","meta":{"_et_pb_use_builder":"","_et_pb_old_content":"","_et_gb_content_width":"","inline_featured_image":false,"footnotes":""},"categories":[17],"tags":[],"class_list":["post-47087","post","type-post","status-publish","format-standard","has-post-thumbnail","hentry","category-szlaki-w-tatrach"],"yoast_head":"<!-- This site is optimized with the Yoast SEO plugin v27.5 - https:\/\/yoast.com\/product\/yoast-seo-wordpress\/ -->\n<title>Najwy\u017csze szczyty w Tatrach \u2014 poznaj je wszystkie! - Visitzakopane.pl<\/title>\n<meta name=\"robots\" content=\"index, follow, max-snippet:-1, max-image-preview:large, max-video-preview:-1\" \/>\n<link rel=\"canonical\" href=\"https:\/\/www.visitzakopane.pl\/blog\/szlaki-w-tatrach\/najwyzsze-szczyty-w-tatrach-poznaj-je-wszystkie\/\" \/>\n<meta property=\"og:locale\" content=\"pl_PL\" \/>\n<meta property=\"og:type\" content=\"article\" \/>\n<meta property=\"og:title\" content=\"Najwy\u017csze szczyty w Tatrach \u2014 poznaj je wszystkie! - Visitzakopane.pl\" \/>\n<meta property=\"og:description\" content=\"To mo\u017ce rozczarowa\u0107, ale najwy\u017cszy szczyt w Tatrach, jak i ca\u0142a Korona Tatr, znajduje si\u0119&#8230; na S\u0142owacji. Ale bez obaw, bo poni\u017cej opiszemy zar\u00f3wno s\u0142owackie, jak i polskie tatrza\u0144skie szczyty, kt\u00f3re trzeba zobaczy\u0107 osobi\u015bcie. Wielka Korona Tatrza\u0144skich szczyt\u00f3w Wielka Korona Tatr to nazwa powsta\u0142a w ostatnich latach. Zalicza si\u0119 do niej 14 g\u00f3r znajduj\u0105cych si\u0119 [&hellip;]\" \/>\n<meta property=\"og:url\" content=\"https:\/\/www.visitzakopane.pl\/blog\/szlaki-w-tatrach\/najwyzsze-szczyty-w-tatrach-poznaj-je-wszystkie\/\" \/>\n<meta property=\"og:site_name\" content=\"Visitzakopane.pl\" \/>\n<meta property=\"article:published_time\" content=\"2025-11-03T09:03:03+00:00\" \/>\n<meta property=\"article:modified_time\" content=\"2025-12-08T13:56:44+00:00\" \/>\n<meta property=\"og:image\" content=\"https:\/\/www.visitzakopane.pl\/blog\/wp-content\/uploads\/2024\/09\/giewont-702468_1280.jpg\" \/>\n\t<meta property=\"og:image:width\" content=\"1280\" \/>\n\t<meta property=\"og:image:height\" content=\"680\" \/>\n\t<meta property=\"og:image:type\" content=\"image\/jpeg\" \/>\n<meta name=\"author\" content=\"maciekmas\" \/>\n<meta name=\"twitter:card\" content=\"summary_large_image\" \/>\n<meta name=\"twitter:label1\" content=\"Napisane przez\" \/>\n\t<meta name=\"twitter:data1\" content=\"maciekmas\" \/>\n\t<meta name=\"twitter:label2\" content=\"Szacowany czas czytania\" \/>\n\t<meta name=\"twitter:data2\" content=\"8 minut\" \/>\n<script type=\"application\/ld+json\" class=\"yoast-schema-graph\">{\"@context\":\"https:\\\/\\\/schema.org\",\"@graph\":[{\"@type\":\"Article\",\"@id\":\"https:\\\/\\\/www.visitzakopane.pl\\\/blog\\\/szlaki-w-tatrach\\\/najwyzsze-szczyty-w-tatrach-poznaj-je-wszystkie\\\/#article\",\"isPartOf\":{\"@id\":\"https:\\\/\\\/www.visitzakopane.pl\\\/blog\\\/szlaki-w-tatrach\\\/najwyzsze-szczyty-w-tatrach-poznaj-je-wszystkie\\\/\"},\"author\":{\"name\":\"maciekmas\",\"@id\":\"https:\\\/\\\/www.visitzakopane.pl\\\/blog\\\/#\\\/schema\\\/person\\\/acf384ce9225320c2579e7f44fbe5fc0\"},\"headline\":\"Najwy\u017csze szczyty w Tatrach \u2014 poznaj je wszystkie!\",\"datePublished\":\"2025-11-03T09:03:03+00:00\",\"dateModified\":\"2025-12-08T13:56:44+00:00\",\"mainEntityOfPage\":{\"@id\":\"https:\\\/\\\/www.visitzakopane.pl\\\/blog\\\/szlaki-w-tatrach\\\/najwyzsze-szczyty-w-tatrach-poznaj-je-wszystkie\\\/\"},\"wordCount\":1356,\"image\":{\"@id\":\"https:\\\/\\\/www.visitzakopane.pl\\\/blog\\\/szlaki-w-tatrach\\\/najwyzsze-szczyty-w-tatrach-poznaj-je-wszystkie\\\/#primaryimage\"},\"thumbnailUrl\":\"https:\\\/\\\/www.visitzakopane.pl\\\/blog\\\/wp-content\\\/uploads\\\/2024\\\/09\\\/giewont-702468_1280.jpg\",\"articleSection\":[\"Szlaki w Tatrach\"],\"inLanguage\":\"pl-PL\"},{\"@type\":\"WebPage\",\"@id\":\"https:\\\/\\\/www.visitzakopane.pl\\\/blog\\\/szlaki-w-tatrach\\\/najwyzsze-szczyty-w-tatrach-poznaj-je-wszystkie\\\/\",\"url\":\"https:\\\/\\\/www.visitzakopane.pl\\\/blog\\\/szlaki-w-tatrach\\\/najwyzsze-szczyty-w-tatrach-poznaj-je-wszystkie\\\/\",\"name\":\"Najwy\u017csze szczyty w Tatrach \u2014 poznaj je wszystkie! - Visitzakopane.pl\",\"isPartOf\":{\"@id\":\"https:\\\/\\\/www.visitzakopane.pl\\\/blog\\\/#website\"},\"primaryImageOfPage\":{\"@id\":\"https:\\\/\\\/www.visitzakopane.pl\\\/blog\\\/szlaki-w-tatrach\\\/najwyzsze-szczyty-w-tatrach-poznaj-je-wszystkie\\\/#primaryimage\"},\"image\":{\"@id\":\"https:\\\/\\\/www.visitzakopane.pl\\\/blog\\\/szlaki-w-tatrach\\\/najwyzsze-szczyty-w-tatrach-poznaj-je-wszystkie\\\/#primaryimage\"},\"thumbnailUrl\":\"https:\\\/\\\/www.visitzakopane.pl\\\/blog\\\/wp-content\\\/uploads\\\/2024\\\/09\\\/giewont-702468_1280.jpg\",\"datePublished\":\"2025-11-03T09:03:03+00:00\",\"dateModified\":\"2025-12-08T13:56:44+00:00\",\"author\":{\"@id\":\"https:\\\/\\\/www.visitzakopane.pl\\\/blog\\\/#\\\/schema\\\/person\\\/acf384ce9225320c2579e7f44fbe5fc0\"},\"breadcrumb\":{\"@id\":\"https:\\\/\\\/www.visitzakopane.pl\\\/blog\\\/szlaki-w-tatrach\\\/najwyzsze-szczyty-w-tatrach-poznaj-je-wszystkie\\\/#breadcrumb\"},\"inLanguage\":\"pl-PL\",\"potentialAction\":[{\"@type\":\"ReadAction\",\"target\":[\"https:\\\/\\\/www.visitzakopane.pl\\\/blog\\\/szlaki-w-tatrach\\\/najwyzsze-szczyty-w-tatrach-poznaj-je-wszystkie\\\/\"]}]},{\"@type\":\"ImageObject\",\"inLanguage\":\"pl-PL\",\"@id\":\"https:\\\/\\\/www.visitzakopane.pl\\\/blog\\\/szlaki-w-tatrach\\\/najwyzsze-szczyty-w-tatrach-poznaj-je-wszystkie\\\/#primaryimage\",\"url\":\"https:\\\/\\\/www.visitzakopane.pl\\\/blog\\\/wp-content\\\/uploads\\\/2024\\\/09\\\/giewont-702468_1280.jpg\",\"contentUrl\":\"https:\\\/\\\/www.visitzakopane.pl\\\/blog\\\/wp-content\\\/uploads\\\/2024\\\/09\\\/giewont-702468_1280.jpg\",\"width\":1280,\"height\":680},{\"@type\":\"BreadcrumbList\",\"@id\":\"https:\\\/\\\/www.visitzakopane.pl\\\/blog\\\/szlaki-w-tatrach\\\/najwyzsze-szczyty-w-tatrach-poznaj-je-wszystkie\\\/#breadcrumb\",\"itemListElement\":[{\"@type\":\"ListItem\",\"position\":1,\"name\":\"Strona g\u0142\u00f3wna\",\"item\":\"https:\\\/\\\/www.visitzakopane.pl\\\/blog\\\/\"},{\"@type\":\"ListItem\",\"position\":2,\"name\":\"Najwy\u017csze szczyty w Tatrach \u2014 poznaj je wszystkie!\"}]},{\"@type\":\"WebSite\",\"@id\":\"https:\\\/\\\/www.visitzakopane.pl\\\/blog\\\/#website\",\"url\":\"https:\\\/\\\/www.visitzakopane.pl\\\/blog\\\/\",\"name\":\"Visitzakopane.pl\",\"description\":\"\",\"potentialAction\":[{\"@type\":\"SearchAction\",\"target\":{\"@type\":\"EntryPoint\",\"urlTemplate\":\"https:\\\/\\\/www.visitzakopane.pl\\\/blog\\\/?s={search_term_string}\"},\"query-input\":{\"@type\":\"PropertyValueSpecification\",\"valueRequired\":true,\"valueName\":\"search_term_string\"}}],\"inLanguage\":\"pl-PL\"},{\"@type\":\"Person\",\"@id\":\"https:\\\/\\\/www.visitzakopane.pl\\\/blog\\\/#\\\/schema\\\/person\\\/acf384ce9225320c2579e7f44fbe5fc0\",\"name\":\"maciekmas\",\"image\":{\"@type\":\"ImageObject\",\"inLanguage\":\"pl-PL\",\"@id\":\"https:\\\/\\\/secure.gravatar.com\\\/avatar\\\/388c6cda7ececdd2aa17d29f61fef166e62ef95cffb5e38c44eea60472607a34?s=96&d=mm&r=g\",\"url\":\"https:\\\/\\\/secure.gravatar.com\\\/avatar\\\/388c6cda7ececdd2aa17d29f61fef166e62ef95cffb5e38c44eea60472607a34?s=96&d=mm&r=g\",\"contentUrl\":\"https:\\\/\\\/secure.gravatar.com\\\/avatar\\\/388c6cda7ececdd2aa17d29f61fef166e62ef95cffb5e38c44eea60472607a34?s=96&d=mm&r=g\",\"caption\":\"maciekmas\"},\"sameAs\":[\"https:\\\/\\\/www.visitzakopane.pl\\\/blog\"]}]}<\/script>\n<!-- \/ Yoast SEO plugin. -->","yoast_head_json":{"title":"Najwy\u017csze szczyty w Tatrach \u2014 poznaj je wszystkie! - Visitzakopane.pl","robots":{"index":"index","follow":"follow","max-snippet":"max-snippet:-1","max-image-preview":"max-image-preview:large","max-video-preview":"max-video-preview:-1"},"canonical":"https:\/\/www.visitzakopane.pl\/blog\/szlaki-w-tatrach\/najwyzsze-szczyty-w-tatrach-poznaj-je-wszystkie\/","og_locale":"pl_PL","og_type":"article","og_title":"Najwy\u017csze szczyty w Tatrach \u2014 poznaj je wszystkie! - Visitzakopane.pl","og_description":"To mo\u017ce rozczarowa\u0107, ale najwy\u017cszy szczyt w Tatrach, jak i ca\u0142a Korona Tatr, znajduje si\u0119&#8230; na S\u0142owacji. Ale bez obaw, bo poni\u017cej opiszemy zar\u00f3wno s\u0142owackie, jak i polskie tatrza\u0144skie szczyty, kt\u00f3re trzeba zobaczy\u0107 osobi\u015bcie. Wielka Korona Tatrza\u0144skich szczyt\u00f3w Wielka Korona Tatr to nazwa powsta\u0142a w ostatnich latach. Zalicza si\u0119 do niej 14 g\u00f3r znajduj\u0105cych si\u0119 [&hellip;]","og_url":"https:\/\/www.visitzakopane.pl\/blog\/szlaki-w-tatrach\/najwyzsze-szczyty-w-tatrach-poznaj-je-wszystkie\/","og_site_name":"Visitzakopane.pl","article_published_time":"2025-11-03T09:03:03+00:00","article_modified_time":"2025-12-08T13:56:44+00:00","og_image":[{"width":1280,"height":680,"url":"https:\/\/www.visitzakopane.pl\/blog\/wp-content\/uploads\/2024\/09\/giewont-702468_1280.jpg","type":"image\/jpeg"}],"author":"maciekmas","twitter_card":"summary_large_image","twitter_misc":{"Napisane przez":"maciekmas","Szacowany czas czytania":"8 minut"},"schema":{"@context":"https:\/\/schema.org","@graph":[{"@type":"Article","@id":"https:\/\/www.visitzakopane.pl\/blog\/szlaki-w-tatrach\/najwyzsze-szczyty-w-tatrach-poznaj-je-wszystkie\/#article","isPartOf":{"@id":"https:\/\/www.visitzakopane.pl\/blog\/szlaki-w-tatrach\/najwyzsze-szczyty-w-tatrach-poznaj-je-wszystkie\/"},"author":{"name":"maciekmas","@id":"https:\/\/www.visitzakopane.pl\/blog\/#\/schema\/person\/acf384ce9225320c2579e7f44fbe5fc0"},"headline":"Najwy\u017csze szczyty w Tatrach \u2014 poznaj je wszystkie!","datePublished":"2025-11-03T09:03:03+00:00","dateModified":"2025-12-08T13:56:44+00:00","mainEntityOfPage":{"@id":"https:\/\/www.visitzakopane.pl\/blog\/szlaki-w-tatrach\/najwyzsze-szczyty-w-tatrach-poznaj-je-wszystkie\/"},"wordCount":1356,"image":{"@id":"https:\/\/www.visitzakopane.pl\/blog\/szlaki-w-tatrach\/najwyzsze-szczyty-w-tatrach-poznaj-je-wszystkie\/#primaryimage"},"thumbnailUrl":"https:\/\/www.visitzakopane.pl\/blog\/wp-content\/uploads\/2024\/09\/giewont-702468_1280.jpg","articleSection":["Szlaki w Tatrach"],"inLanguage":"pl-PL"},{"@type":"WebPage","@id":"https:\/\/www.visitzakopane.pl\/blog\/szlaki-w-tatrach\/najwyzsze-szczyty-w-tatrach-poznaj-je-wszystkie\/","url":"https:\/\/www.visitzakopane.pl\/blog\/szlaki-w-tatrach\/najwyzsze-szczyty-w-tatrach-poznaj-je-wszystkie\/","name":"Najwy\u017csze szczyty w Tatrach \u2014 poznaj je wszystkie! - Visitzakopane.pl","isPartOf":{"@id":"https:\/\/www.visitzakopane.pl\/blog\/#website"},"primaryImageOfPage":{"@id":"https:\/\/www.visitzakopane.pl\/blog\/szlaki-w-tatrach\/najwyzsze-szczyty-w-tatrach-poznaj-je-wszystkie\/#primaryimage"},"image":{"@id":"https:\/\/www.visitzakopane.pl\/blog\/szlaki-w-tatrach\/najwyzsze-szczyty-w-tatrach-poznaj-je-wszystkie\/#primaryimage"},"thumbnailUrl":"https:\/\/www.visitzakopane.pl\/blog\/wp-content\/uploads\/2024\/09\/giewont-702468_1280.jpg","datePublished":"2025-11-03T09:03:03+00:00","dateModified":"2025-12-08T13:56:44+00:00","author":{"@id":"https:\/\/www.visitzakopane.pl\/blog\/#\/schema\/person\/acf384ce9225320c2579e7f44fbe5fc0"},"breadcrumb":{"@id":"https:\/\/www.visitzakopane.pl\/blog\/szlaki-w-tatrach\/najwyzsze-szczyty-w-tatrach-poznaj-je-wszystkie\/#breadcrumb"},"inLanguage":"pl-PL","potentialAction":[{"@type":"ReadAction","target":["https:\/\/www.visitzakopane.pl\/blog\/szlaki-w-tatrach\/najwyzsze-szczyty-w-tatrach-poznaj-je-wszystkie\/"]}]},{"@type":"ImageObject","inLanguage":"pl-PL","@id":"https:\/\/www.visitzakopane.pl\/blog\/szlaki-w-tatrach\/najwyzsze-szczyty-w-tatrach-poznaj-je-wszystkie\/#primaryimage","url":"https:\/\/www.visitzakopane.pl\/blog\/wp-content\/uploads\/2024\/09\/giewont-702468_1280.jpg","contentUrl":"https:\/\/www.visitzakopane.pl\/blog\/wp-content\/uploads\/2024\/09\/giewont-702468_1280.jpg","width":1280,"height":680},{"@type":"BreadcrumbList","@id":"https:\/\/www.visitzakopane.pl\/blog\/szlaki-w-tatrach\/najwyzsze-szczyty-w-tatrach-poznaj-je-wszystkie\/#breadcrumb","itemListElement":[{"@type":"ListItem","position":1,"name":"Strona g\u0142\u00f3wna","item":"https:\/\/www.visitzakopane.pl\/blog\/"},{"@type":"ListItem","position":2,"name":"Najwy\u017csze szczyty w Tatrach \u2014 poznaj je wszystkie!"}]},{"@type":"WebSite","@id":"https:\/\/www.visitzakopane.pl\/blog\/#website","url":"https:\/\/www.visitzakopane.pl\/blog\/","name":"Visitzakopane.pl","description":"","potentialAction":[{"@type":"SearchAction","target":{"@type":"EntryPoint","urlTemplate":"https:\/\/www.visitzakopane.pl\/blog\/?s={search_term_string}"},"query-input":{"@type":"PropertyValueSpecification","valueRequired":true,"valueName":"search_term_string"}}],"inLanguage":"pl-PL"},{"@type":"Person","@id":"https:\/\/www.visitzakopane.pl\/blog\/#\/schema\/person\/acf384ce9225320c2579e7f44fbe5fc0","name":"maciekmas","image":{"@type":"ImageObject","inLanguage":"pl-PL","@id":"https:\/\/secure.gravatar.com\/avatar\/388c6cda7ececdd2aa17d29f61fef166e62ef95cffb5e38c44eea60472607a34?s=96&d=mm&r=g","url":"https:\/\/secure.gravatar.com\/avatar\/388c6cda7ececdd2aa17d29f61fef166e62ef95cffb5e38c44eea60472607a34?s=96&d=mm&r=g","contentUrl":"https:\/\/secure.gravatar.com\/avatar\/388c6cda7ececdd2aa17d29f61fef166e62ef95cffb5e38c44eea60472607a34?s=96&d=mm&r=g","caption":"maciekmas"},"sameAs":["https:\/\/www.visitzakopane.pl\/blog"]}]}},"_links":{"self":[{"href":"https:\/\/www.visitzakopane.pl\/blog\/wp-json\/wp\/v2\/posts\/47087","targetHints":{"allow":["GET"]}}],"collection":[{"href":"https:\/\/www.visitzakopane.pl\/blog\/wp-json\/wp\/v2\/posts"}],"about":[{"href":"https:\/\/www.visitzakopane.pl\/blog\/wp-json\/wp\/v2\/types\/post"}],"author":[{"embeddable":true,"href":"https:\/\/www.visitzakopane.pl\/blog\/wp-json\/wp\/v2\/users\/1"}],"replies":[{"embeddable":true,"href":"https:\/\/www.visitzakopane.pl\/blog\/wp-json\/wp\/v2\/comments?post=47087"}],"version-history":[{"count":2,"href":"https:\/\/www.visitzakopane.pl\/blog\/wp-json\/wp\/v2\/posts\/47087\/revisions"}],"predecessor-version":[{"id":48876,"href":"https:\/\/www.visitzakopane.pl\/blog\/wp-json\/wp\/v2\/posts\/47087\/revisions\/48876"}],"wp:featuredmedia":[{"embeddable":true,"href":"https:\/\/www.visitzakopane.pl\/blog\/wp-json\/wp\/v2\/media\/47088"}],"wp:attachment":[{"href":"https:\/\/www.visitzakopane.pl\/blog\/wp-json\/wp\/v2\/media?parent=47087"}],"wp:term":[{"taxonomy":"category","embeddable":true,"href":"https:\/\/www.visitzakopane.pl\/blog\/wp-json\/wp\/v2\/categories?post=47087"},{"taxonomy":"post_tag","embeddable":true,"href":"https:\/\/www.visitzakopane.pl\/blog\/wp-json\/wp\/v2\/tags?post=47087"}],"curies":[{"name":"wp","href":"https:\/\/api.w.org\/{rel}","templated":true}]}}